{"id":2328,"date":"2021-07-29T22:08:35","date_gmt":"2021-07-30T01:08:35","guid":{"rendered":"https:\/\/cvmarj.org.br\/site\/?p=2328"},"modified":"2021-07-29T22:08:37","modified_gmt":"2021-07-30T01:08:37","slug":"excelente-demonstracao-de-cuidado","status":"publish","type":"post","link":"https:\/\/cvmarj.org.br\/site\/index.php\/2021\/07\/29\/excelente-demonstracao-de-cuidado\/","title":{"rendered":"Excelente demonstra\u00e7\u00e3o de cuidado"},"content":{"rendered":"\n<p>Bom dia.<br>Excelente demonstra\u00e7\u00e3o de cuidado e esmero no restauro das nossas viaturas.<br>\u00c9 fundamental que cada um deixe sua vtr em plenas condi\u00e7\u00f5es operacionais.<br>Ainda temos muitos km pela frente em 2021.<\/p>\n\n\n\n<p>SOMOS CVMARJ!<\/p>\n\n\n\n<p>VAMOS EM FRENTE!<\/p>\n\n\n\n<p>At.<\/p>\n\n\n\n<p>S\u00e9rgio Capella.<br>Presidente do CVMARJ.<br><\/p>\n\n\n\n<figure class=\"wp-block-gallery columns-3 is-cropped wp-block-gallery-1 is-layout-flex wp-block-gallery-is-layout-flex\"><ul class=\"blocks-gallery-grid\"><li class=\"blocks-gallery-item\"><figure><img fetchpriority=\"high\" decoding=\"async\" width=\"768\" height=\"1024\" src=\"http:\/\/cvmarj.org.br\/site\/wp-content\/uploads\/2021\/07\/3e241f0d-d918-4d9f-929e-780924d22200-768x1024.jpg\" alt=\"\" data-id=\"2329\" data-full-url=\"http:\/\/cvmarj.org.br\/site\/wp-content\/uploads\/2021\/07\/3e241f0d-d918-4d9f-929e-780924d22200.jpg\" data-link=\"https:\/\/cvmarj.org.br\/site\/?attachment_id=2329\" class=\"wp-image-2329\" srcset=\"https:\/\/cvmarj.org.br\/site\/wp-content\/uploads\/2021\/07\/3e241f0d-d918-4d9f-929e-780924d22200-768x1024.jpg 768w, https:\/\/cvmarj.org.br\/site\/wp-content\/uploads\/2021\/07\/3e241f0d-d918-4d9f-929e-780924d22200-225x300.jpg 225w, https:\/\/cvmarj.org.br\/site\/wp-content\/uploads\/2021\/07\/3e241f0d-d918-4d9f-929e-780924d22200.jpg 960w\" sizes=\"(max-width: 768px) 100vw, 768px\" \/><\/figure><\/li><li class=\"blocks-gallery-item\"><figure><img decoding=\"async\" width=\"768\" height=\"1024\" src=\"http:\/\/cvmarj.org.br\/site\/wp-content\/uploads\/2021\/07\/8491f0f8-9486-4308-bb23-f22b6e83515b-768x1024.jpg\" alt=\"\" data-id=\"2330\" data-full-url=\"http:\/\/cvmarj.org.br\/site\/wp-content\/uploads\/2021\/07\/8491f0f8-9486-4308-bb23-f22b6e83515b.jpg\" data-link=\"https:\/\/cvmarj.org.br\/site\/?attachment_id=2330\" class=\"wp-image-2330\" srcset=\"https:\/\/cvmarj.org.br\/site\/wp-content\/uploads\/2021\/07\/8491f0f8-9486-4308-bb23-f22b6e83515b-768x1024.jpg 768w, https:\/\/cvmarj.org.br\/site\/wp-content\/uploads\/2021\/07\/8491f0f8-9486-4308-bb23-f22b6e83515b-225x300.jpg 225w, https:\/\/cvmarj.org.br\/site\/wp-content\/uploads\/2021\/07\/8491f0f8-9486-4308-bb23-f22b6e83515b.jpg 960w\" sizes=\"(max-width: 768px) 100vw, 768px\" \/><\/figure><\/li><li class=\"blocks-gallery-item\"><figure><img decoding=\"async\" width=\"768\" height=\"1024\" src=\"http:\/\/cvmarj.org.br\/site\/wp-content\/uploads\/2021\/07\/5ddecae2-2043-4107-956f-1458716f1c8b-768x1024.jpg\" alt=\"\" data-id=\"2331\" data-full-url=\"http:\/\/cvmarj.org.br\/site\/wp-content\/uploads\/2021\/07\/5ddecae2-2043-4107-956f-1458716f1c8b.jpg\" data-link=\"https:\/\/cvmarj.org.br\/site\/?attachment_id=2331\" class=\"wp-image-2331\" srcset=\"https:\/\/cvmarj.org.br\/site\/wp-content\/uploads\/2021\/07\/5ddecae2-2043-4107-956f-1458716f1c8b-768x1024.jpg 768w, https:\/\/cvmarj.org.br\/site\/wp-content\/uploads\/2021\/07\/5ddecae2-2043-4107-956f-1458716f1c8b-225x300.jpg 225w, https:\/\/cvmarj.org.br\/site\/wp-content\/uploads\/2021\/07\/5ddecae2-2043-4107-956f-1458716f1c8b.jpg 960w\" sizes=\"(max-width: 768px) 100vw, 768px\" \/><\/figure><\/li><\/ul><\/figure>\n","protected":false},"excerpt":{"rendered":"<p>Bom dia.Excelente demonstra\u00e7\u00e3o de cuidado e esmero no restauro das nossas viaturas.\u00c9 fundamental que cada um deixe sua vtr em plenas condi\u00e7\u00f5es operacionais.Ainda temos muitos km pela frente em 2021. SOMOS CVMARJ! VAMOS EM FRENTE! At. S\u00e9rgio Capella.Presidente do CVMARJ.<\/p>\n","protected":false},"author":1,"featured_media":0,"comment_status":"closed","ping_status":"closed","sticky":false,"template":"","format":"standard","meta":{"neve_meta_sidebar":"","neve_meta_container":"","neve_meta_enable_content_width":"","neve_meta_content_width":0,"neve_meta_title_alignment":"","neve_meta_author_avatar":"","neve_post_elements_order":"","neve_meta_disable_header":"","neve_meta_disable_footer":"","neve_meta_disable_title":"","footnotes":""},"categories":[11],"tags":[],"_links":{"self":[{"href":"https:\/\/cvmarj.org.br\/site\/index.php\/wp-json\/wp\/v2\/posts\/2328"}],"collection":[{"href":"https:\/\/cvmarj.org.br\/site\/index.php\/wp-json\/wp\/v2\/posts"}],"about":[{"href":"https:\/\/cvmarj.org.br\/site\/index.php\/wp-json\/wp\/v2\/types\/post"}],"author":[{"embeddable":true,"href":"https:\/\/cvmarj.org.br\/site\/index.php\/wp-json\/wp\/v2\/users\/1"}],"replies":[{"embeddable":true,"href":"https:\/\/cvmarj.org.br\/site\/index.php\/wp-json\/wp\/v2\/comments?post=2328"}],"version-history":[{"count":1,"href":"https:\/\/cvmarj.org.br\/site\/index.php\/wp-json\/wp\/v2\/posts\/2328\/revisions"}],"predecessor-version":[{"id":2332,"href":"https:\/\/cvmarj.org.br\/site\/index.php\/wp-json\/wp\/v2\/posts\/2328\/revisions\/2332"}],"wp:attachment":[{"href":"https:\/\/cvmarj.org.br\/site\/index.php\/wp-json\/wp\/v2\/media?parent=2328"}],"wp:term":[{"taxonomy":"category","embeddable":true,"href":"https:\/\/cvmarj.org.br\/site\/index.php\/wp-json\/wp\/v2\/categories?post=2328"},{"taxonomy":"post_tag","embeddable":true,"href":"https:\/\/cvmarj.org.br\/site\/index.php\/wp-json\/wp\/v2\/tags?post=2328"}],"curies":[{"name":"wp","href":"https:\/\/api.w.org\/{rel}","templated":true}]}}