{"id":2338,"date":"2021-08-03T10:43:27","date_gmt":"2021-08-03T13:43:27","guid":{"rendered":"https:\/\/cvmarj.org.br\/site\/?p=2338"},"modified":"2021-08-03T10:43:29","modified_gmt":"2021-08-03T13:43:29","slug":"sefferson-steindorff-41-museu-militar","status":"publish","type":"post","link":"https:\/\/cvmarj.org.br\/site\/index.php\/2021\/08\/03\/sefferson-steindorff-41-museu-militar\/","title":{"rendered":"Sefferson Steindorff 41 (Museu Militar)"},"content":{"rendered":"\n<p>BRASILEIRO \u2013 A49<br>Marca: Viatura Jeep Willys R\u00e1dio CJ5<br>Modelo: Willys R\u00e1dio CJ5<br>Cor: Verde<br>Ano: 1975<br>Placa: N\u00e3o emplacado<br>Identifica\u00e7\u00e3o: Brasileiro<\/p>\n\n\n\n<figure class=\"wp-block-gallery columns-3 is-cropped wp-block-gallery-1 is-layout-flex wp-block-gallery-is-layout-flex\"><ul class=\"blocks-gallery-grid\"><li class=\"blocks-gallery-item\"><figure><img fetchpriority=\"high\" decoding=\"async\" width=\"663\" height=\"466\" src=\"https:\/\/cvmarj.org.br\/site\/wp-content\/uploads\/2021\/08\/d8b9c81a-e08f-4323-8d12-112ab50b64c3.jpg\" alt=\"\" data-id=\"2339\" data-full-url=\"https:\/\/cvmarj.org.br\/site\/wp-content\/uploads\/2021\/08\/d8b9c81a-e08f-4323-8d12-112ab50b64c3.jpg\" data-link=\"https:\/\/cvmarj.org.br\/site\/?attachment_id=2339\" class=\"wp-image-2339\" srcset=\"https:\/\/cvmarj.org.br\/site\/wp-content\/uploads\/2021\/08\/d8b9c81a-e08f-4323-8d12-112ab50b64c3.jpg 663w, https:\/\/cvmarj.org.br\/site\/wp-content\/uploads\/2021\/08\/d8b9c81a-e08f-4323-8d12-112ab50b64c3-300x211.jpg 300w\" sizes=\"(max-width: 663px) 100vw, 663px\" \/><\/figure><\/li><li class=\"blocks-gallery-item\"><figure><img decoding=\"async\" width=\"566\" height=\"331\" src=\"https:\/\/cvmarj.org.br\/site\/wp-content\/uploads\/2021\/08\/b5fe0e4b-9f86-4fed-8d06-74468cb94635.jpg\" alt=\"\" data-id=\"2340\" data-full-url=\"https:\/\/cvmarj.org.br\/site\/wp-content\/uploads\/2021\/08\/b5fe0e4b-9f86-4fed-8d06-74468cb94635.jpg\" data-link=\"https:\/\/cvmarj.org.br\/site\/?attachment_id=2340\" class=\"wp-image-2340\" srcset=\"https:\/\/cvmarj.org.br\/site\/wp-content\/uploads\/2021\/08\/b5fe0e4b-9f86-4fed-8d06-74468cb94635.jpg 566w, https:\/\/cvmarj.org.br\/site\/wp-content\/uploads\/2021\/08\/b5fe0e4b-9f86-4fed-8d06-74468cb94635-300x175.jpg 300w\" sizes=\"(max-width: 566px) 100vw, 566px\" \/><\/figure><\/li><li class=\"blocks-gallery-item\"><figure><img decoding=\"async\" width=\"454\" height=\"483\" src=\"https:\/\/cvmarj.org.br\/site\/wp-content\/uploads\/2021\/08\/c9d0f38a-2f27-4d2a-8a35-2d3ec24fdbae.jpg\" alt=\"\" data-id=\"2341\" data-full-url=\"https:\/\/cvmarj.org.br\/site\/wp-content\/uploads\/2021\/08\/c9d0f38a-2f27-4d2a-8a35-2d3ec24fdbae.jpg\" data-link=\"https:\/\/cvmarj.org.br\/site\/?attachment_id=2341\" class=\"wp-image-2341\" srcset=\"https:\/\/cvmarj.org.br\/site\/wp-content\/uploads\/2021\/08\/c9d0f38a-2f27-4d2a-8a35-2d3ec24fdbae.jpg 454w, https:\/\/cvmarj.org.br\/site\/wp-content\/uploads\/2021\/08\/c9d0f38a-2f27-4d2a-8a35-2d3ec24fdbae-282x300.jpg 282w\" sizes=\"(max-width: 454px) 100vw, 454px\" \/><\/figure><\/li><\/ul><\/figure>\n","protected":false},"excerpt":{"rendered":"<p>BRASILEIRO \u2013 A49Marca: Viatura Jeep Willys R\u00e1dio CJ5Modelo: Willys R\u00e1dio CJ5Cor: VerdeAno: 1975Placa: N\u00e3o emplacadoIdentifica\u00e7\u00e3o: Brasileiro<\/p>\n","protected":false},"author":1,"featured_media":2342,"comment_status":"closed","ping_status":"closed","sticky":false,"template":"","format":"standard","meta":{"neve_meta_sidebar":"","neve_meta_container":"","neve_meta_enable_content_width":"","neve_meta_content_width":0,"neve_meta_title_alignment":"","neve_meta_author_avatar":"","neve_post_elements_order":"","neve_meta_disable_header":"","neve_meta_disable_footer":"","neve_meta_disable_title":"","footnotes":""},"categories":[4],"tags":[],"_links":{"self":[{"href":"https:\/\/cvmarj.org.br\/site\/index.php\/wp-json\/wp\/v2\/posts\/2338"}],"collection":[{"href":"https:\/\/cvmarj.org.br\/site\/index.php\/wp-json\/wp\/v2\/posts"}],"about":[{"href":"https:\/\/cvmarj.org.br\/site\/index.php\/wp-json\/wp\/v2\/types\/post"}],"author":[{"embeddable":true,"href":"https:\/\/cvmarj.org.br\/site\/index.php\/wp-json\/wp\/v2\/users\/1"}],"replies":[{"embeddable":true,"href":"https:\/\/cvmarj.org.br\/site\/index.php\/wp-json\/wp\/v2\/comments?post=2338"}],"version-history":[{"count":1,"href":"https:\/\/cvmarj.org.br\/site\/index.php\/wp-json\/wp\/v2\/posts\/2338\/revisions"}],"predecessor-version":[{"id":2343,"href":"https:\/\/cvmarj.org.br\/site\/index.php\/wp-json\/wp\/v2\/posts\/2338\/revisions\/2343"}],"wp:featuredmedia":[{"embeddable":true,"href":"https:\/\/cvmarj.org.br\/site\/index.php\/wp-json\/wp\/v2\/media\/2342"}],"wp:attachment":[{"href":"https:\/\/cvmarj.org.br\/site\/index.php\/wp-json\/wp\/v2\/media?parent=2338"}],"wp:term":[{"taxonomy":"category","embeddable":true,"href":"https:\/\/cvmarj.org.br\/site\/index.php\/wp-json\/wp\/v2\/categories?post=2338"},{"taxonomy":"post_tag","embeddable":true,"href":"https:\/\/cvmarj.org.br\/site\/index.php\/wp-json\/wp\/v2\/tags?post=2338"}],"curies":[{"name":"wp","href":"https:\/\/api.w.org\/{rel}","templated":true}]}}