{"id":2351,"date":"2021-08-03T10:49:18","date_gmt":"2021-08-03T13:49:18","guid":{"rendered":"https:\/\/cvmarj.org.br\/site\/?p=2351"},"modified":"2021-08-03T10:49:20","modified_gmt":"2021-08-03T13:49:20","slug":"sefferson-steindorff-43-museu-militar","status":"publish","type":"post","link":"https:\/\/cvmarj.org.br\/site\/index.php\/2021\/08\/03\/sefferson-steindorff-43-museu-militar\/","title":{"rendered":"Sefferson Steindorff 43 (Museu Militar)"},"content":{"rendered":"\n<p>BRASILEIRO \u2013 A47<br>Marca: Viatura Dodge Ambul\u00e2ncia<br>Modelo: DODGE<br>Cor: Verde<br>Ano: 1942<br>Placa: KRL-0220<br>Identifica\u00e7\u00e3o: Americana<\/p>\n\n\n\n<figure class=\"wp-block-gallery columns-3 is-cropped wp-block-gallery-1 is-layout-flex wp-block-gallery-is-layout-flex\"><ul class=\"blocks-gallery-grid\"><li class=\"blocks-gallery-item\"><figure><img fetchpriority=\"high\" decoding=\"async\" width=\"521\" height=\"450\" src=\"https:\/\/cvmarj.org.br\/site\/wp-content\/uploads\/2021\/08\/df4bcdd2-a736-4767-918e-0402df77d006.jpg\" alt=\"\" data-id=\"2352\" data-full-url=\"https:\/\/cvmarj.org.br\/site\/wp-content\/uploads\/2021\/08\/df4bcdd2-a736-4767-918e-0402df77d006.jpg\" data-link=\"https:\/\/cvmarj.org.br\/site\/?attachment_id=2352\" class=\"wp-image-2352\" srcset=\"https:\/\/cvmarj.org.br\/site\/wp-content\/uploads\/2021\/08\/df4bcdd2-a736-4767-918e-0402df77d006.jpg 521w, https:\/\/cvmarj.org.br\/site\/wp-content\/uploads\/2021\/08\/df4bcdd2-a736-4767-918e-0402df77d006-300x259.jpg 300w\" sizes=\"(max-width: 521px) 100vw, 521px\" \/><\/figure><\/li><li class=\"blocks-gallery-item\"><figure><img decoding=\"async\" width=\"639\" height=\"414\" src=\"https:\/\/cvmarj.org.br\/site\/wp-content\/uploads\/2021\/08\/0a2113c6-5fd8-40ac-9a13-34ec09f5b84d.jpg\" alt=\"\" data-id=\"2353\" data-full-url=\"https:\/\/cvmarj.org.br\/site\/wp-content\/uploads\/2021\/08\/0a2113c6-5fd8-40ac-9a13-34ec09f5b84d.jpg\" data-link=\"https:\/\/cvmarj.org.br\/site\/?attachment_id=2353\" class=\"wp-image-2353\" srcset=\"https:\/\/cvmarj.org.br\/site\/wp-content\/uploads\/2021\/08\/0a2113c6-5fd8-40ac-9a13-34ec09f5b84d.jpg 639w, https:\/\/cvmarj.org.br\/site\/wp-content\/uploads\/2021\/08\/0a2113c6-5fd8-40ac-9a13-34ec09f5b84d-300x194.jpg 300w\" sizes=\"(max-width: 639px) 100vw, 639px\" \/><\/figure><\/li><li class=\"blocks-gallery-item\"><figure><img decoding=\"async\" width=\"473\" height=\"464\" src=\"https:\/\/cvmarj.org.br\/site\/wp-content\/uploads\/2021\/08\/ea035234-0c71-4c1f-9ab0-a0e97dcd45c2.jpg\" alt=\"\" data-id=\"2354\" data-full-url=\"https:\/\/cvmarj.org.br\/site\/wp-content\/uploads\/2021\/08\/ea035234-0c71-4c1f-9ab0-a0e97dcd45c2.jpg\" data-link=\"https:\/\/cvmarj.org.br\/site\/?attachment_id=2354\" class=\"wp-image-2354\" srcset=\"https:\/\/cvmarj.org.br\/site\/wp-content\/uploads\/2021\/08\/ea035234-0c71-4c1f-9ab0-a0e97dcd45c2.jpg 473w, https:\/\/cvmarj.org.br\/site\/wp-content\/uploads\/2021\/08\/ea035234-0c71-4c1f-9ab0-a0e97dcd45c2-300x294.jpg 300w\" sizes=\"(max-width: 473px) 100vw, 473px\" \/><\/figure><\/li><li class=\"blocks-gallery-item\"><figure><img loading=\"lazy\" decoding=\"async\" width=\"609\" height=\"426\" src=\"https:\/\/cvmarj.org.br\/site\/wp-content\/uploads\/2021\/08\/46bd8a86-2873-45f9-aba4-22f1960caf15.jpg\" alt=\"\" data-id=\"2355\" data-full-url=\"https:\/\/cvmarj.org.br\/site\/wp-content\/uploads\/2021\/08\/46bd8a86-2873-45f9-aba4-22f1960caf15.jpg\" data-link=\"https:\/\/cvmarj.org.br\/site\/?attachment_id=2355\" class=\"wp-image-2355\" srcset=\"https:\/\/cvmarj.org.br\/site\/wp-content\/uploads\/2021\/08\/46bd8a86-2873-45f9-aba4-22f1960caf15.jpg 609w, https:\/\/cvmarj.org.br\/site\/wp-content\/uploads\/2021\/08\/46bd8a86-2873-45f9-aba4-22f1960caf15-300x210.jpg 300w\" sizes=\"(max-width: 609px) 100vw, 609px\" \/><\/figure><\/li><\/ul><\/figure>\n","protected":false},"excerpt":{"rendered":"<p>BRASILEIRO \u2013 A47Marca: Viatura Dodge Ambul\u00e2nciaModelo: DODGECor: VerdeAno: 1942Placa: KRL-0220Identifica\u00e7\u00e3o: Americana<\/p>\n","protected":false},"author":1,"featured_media":2356,"comment_status":"closed","ping_status":"closed","sticky":false,"template":"","format":"standard","meta":{"neve_meta_sidebar":"","neve_meta_container":"","neve_meta_enable_content_width":"","neve_meta_content_width":0,"neve_meta_title_alignment":"","neve_meta_author_avatar":"","neve_post_elements_order":"","neve_meta_disable_header":"","neve_meta_disable_footer":"","neve_meta_disable_title":"","footnotes":""},"categories":[4],"tags":[],"_links":{"self":[{"href":"https:\/\/cvmarj.org.br\/site\/index.php\/wp-json\/wp\/v2\/posts\/2351"}],"collection":[{"href":"https:\/\/cvmarj.org.br\/site\/index.php\/wp-json\/wp\/v2\/posts"}],"about":[{"href":"https:\/\/cvmarj.org.br\/site\/index.php\/wp-json\/wp\/v2\/types\/post"}],"author":[{"embeddable":true,"href":"https:\/\/cvmarj.org.br\/site\/index.php\/wp-json\/wp\/v2\/users\/1"}],"replies":[{"embeddable":true,"href":"https:\/\/cvmarj.org.br\/site\/index.php\/wp-json\/wp\/v2\/comments?post=2351"}],"version-history":[{"count":1,"href":"https:\/\/cvmarj.org.br\/site\/index.php\/wp-json\/wp\/v2\/posts\/2351\/revisions"}],"predecessor-version":[{"id":2357,"href":"https:\/\/cvmarj.org.br\/site\/index.php\/wp-json\/wp\/v2\/posts\/2351\/revisions\/2357"}],"wp:featuredmedia":[{"embeddable":true,"href":"https:\/\/cvmarj.org.br\/site\/index.php\/wp-json\/wp\/v2\/media\/2356"}],"wp:attachment":[{"href":"https:\/\/cvmarj.org.br\/site\/index.php\/wp-json\/wp\/v2\/media?parent=2351"}],"wp:term":[{"taxonomy":"category","embeddable":true,"href":"https:\/\/cvmarj.org.br\/site\/index.php\/wp-json\/wp\/v2\/categories?post=2351"},{"taxonomy":"post_tag","embeddable":true,"href":"https:\/\/cvmarj.org.br\/site\/index.php\/wp-json\/wp\/v2\/tags?post=2351"}],"curies":[{"name":"wp","href":"https:\/\/api.w.org\/{rel}","templated":true}]}}