{"id":2358,"date":"2021-08-03T10:52:03","date_gmt":"2021-08-03T13:52:03","guid":{"rendered":"https:\/\/cvmarj.org.br\/site\/?p=2358"},"modified":"2021-08-03T10:52:06","modified_gmt":"2021-08-03T13:52:06","slug":"sefferson-steindorff-44-museu-militar","status":"publish","type":"post","link":"https:\/\/cvmarj.org.br\/site\/index.php\/2021\/08\/03\/sefferson-steindorff-44-museu-militar\/","title":{"rendered":"Sefferson Steindorff 44 (Museu Militar)"},"content":{"rendered":"\n<p>BRASILEIRO \u2013 A46<br>Marca: Viatura GMC<br>Modelo: GM Chevrolet<br>Cor: N\u00e3o optante<br>Ano: 1948<br>Placa: IMI-6913<br>Identifica\u00e7\u00e3o: N\u00e3o optante<\/p>\n\n\n\n<figure class=\"wp-block-gallery columns-3 is-cropped wp-block-gallery-1 is-layout-flex wp-block-gallery-is-layout-flex\"><ul class=\"blocks-gallery-grid\"><li class=\"blocks-gallery-item\"><figure><img fetchpriority=\"high\" decoding=\"async\" width=\"480\" height=\"640\" src=\"https:\/\/cvmarj.org.br\/site\/wp-content\/uploads\/2021\/08\/65c4ed42-e192-4dd5-bd4f-3dd366a0f0d5.jpg\" alt=\"\" data-id=\"2359\" data-full-url=\"https:\/\/cvmarj.org.br\/site\/wp-content\/uploads\/2021\/08\/65c4ed42-e192-4dd5-bd4f-3dd366a0f0d5.jpg\" data-link=\"https:\/\/cvmarj.org.br\/site\/?attachment_id=2359\" class=\"wp-image-2359\" srcset=\"https:\/\/cvmarj.org.br\/site\/wp-content\/uploads\/2021\/08\/65c4ed42-e192-4dd5-bd4f-3dd366a0f0d5.jpg 480w, https:\/\/cvmarj.org.br\/site\/wp-content\/uploads\/2021\/08\/65c4ed42-e192-4dd5-bd4f-3dd366a0f0d5-225x300.jpg 225w\" sizes=\"(max-width: 480px) 100vw, 480px\" \/><\/figure><\/li><li class=\"blocks-gallery-item\"><figure><img decoding=\"async\" width=\"640\" height=\"473\" src=\"https:\/\/cvmarj.org.br\/site\/wp-content\/uploads\/2021\/08\/580209b0-68ac-4646-8cf1-0511ea8d5c0d.jpg\" alt=\"\" data-id=\"2360\" data-full-url=\"https:\/\/cvmarj.org.br\/site\/wp-content\/uploads\/2021\/08\/580209b0-68ac-4646-8cf1-0511ea8d5c0d.jpg\" data-link=\"https:\/\/cvmarj.org.br\/site\/?attachment_id=2360\" class=\"wp-image-2360\" srcset=\"https:\/\/cvmarj.org.br\/site\/wp-content\/uploads\/2021\/08\/580209b0-68ac-4646-8cf1-0511ea8d5c0d.jpg 640w, https:\/\/cvmarj.org.br\/site\/wp-content\/uploads\/2021\/08\/580209b0-68ac-4646-8cf1-0511ea8d5c0d-300x222.jpg 300w\" sizes=\"(max-width: 640px) 100vw, 640px\" \/><\/figure><\/li><li class=\"blocks-gallery-item\"><figure><img decoding=\"async\" width=\"480\" height=\"640\" src=\"https:\/\/cvmarj.org.br\/site\/wp-content\/uploads\/2021\/08\/d23d1b02-340e-4a2a-a2d7-18ce13eeba2f.jpg\" alt=\"\" data-id=\"2361\" data-full-url=\"https:\/\/cvmarj.org.br\/site\/wp-content\/uploads\/2021\/08\/d23d1b02-340e-4a2a-a2d7-18ce13eeba2f.jpg\" data-link=\"https:\/\/cvmarj.org.br\/site\/?attachment_id=2361\" class=\"wp-image-2361\" srcset=\"https:\/\/cvmarj.org.br\/site\/wp-content\/uploads\/2021\/08\/d23d1b02-340e-4a2a-a2d7-18ce13eeba2f.jpg 480w, https:\/\/cvmarj.org.br\/site\/wp-content\/uploads\/2021\/08\/d23d1b02-340e-4a2a-a2d7-18ce13eeba2f-225x300.jpg 225w\" sizes=\"(max-width: 480px) 100vw, 480px\" \/><\/figure><\/li><\/ul><\/figure>\n","protected":false},"excerpt":{"rendered":"<p>BRASILEIRO \u2013 A46Marca: Viatura GMCModelo: GM ChevroletCor: N\u00e3o optanteAno: 1948Placa: IMI-6913Identifica\u00e7\u00e3o: N\u00e3o optante<\/p>\n","protected":false},"author":1,"featured_media":2362,"comment_status":"closed","ping_status":"closed","sticky":false,"template":"","format":"standard","meta":{"neve_meta_sidebar":"","neve_meta_container":"","neve_meta_enable_content_width":"","neve_meta_content_width":0,"neve_meta_title_alignment":"","neve_meta_author_avatar":"","neve_post_elements_order":"","neve_meta_disable_header":"","neve_meta_disable_footer":"","neve_meta_disable_title":"","footnotes":""},"categories":[4],"tags":[],"_links":{"self":[{"href":"https:\/\/cvmarj.org.br\/site\/index.php\/wp-json\/wp\/v2\/posts\/2358"}],"collection":[{"href":"https:\/\/cvmarj.org.br\/site\/index.php\/wp-json\/wp\/v2\/posts"}],"about":[{"href":"https:\/\/cvmarj.org.br\/site\/index.php\/wp-json\/wp\/v2\/types\/post"}],"author":[{"embeddable":true,"href":"https:\/\/cvmarj.org.br\/site\/index.php\/wp-json\/wp\/v2\/users\/1"}],"replies":[{"embeddable":true,"href":"https:\/\/cvmarj.org.br\/site\/index.php\/wp-json\/wp\/v2\/comments?post=2358"}],"version-history":[{"count":1,"href":"https:\/\/cvmarj.org.br\/site\/index.php\/wp-json\/wp\/v2\/posts\/2358\/revisions"}],"predecessor-version":[{"id":2363,"href":"https:\/\/cvmarj.org.br\/site\/index.php\/wp-json\/wp\/v2\/posts\/2358\/revisions\/2363"}],"wp:featuredmedia":[{"embeddable":true,"href":"https:\/\/cvmarj.org.br\/site\/index.php\/wp-json\/wp\/v2\/media\/2362"}],"wp:attachment":[{"href":"https:\/\/cvmarj.org.br\/site\/index.php\/wp-json\/wp\/v2\/media?parent=2358"}],"wp:term":[{"taxonomy":"category","embeddable":true,"href":"https:\/\/cvmarj.org.br\/site\/index.php\/wp-json\/wp\/v2\/categories?post=2358"},{"taxonomy":"post_tag","embeddable":true,"href":"https:\/\/cvmarj.org.br\/site\/index.php\/wp-json\/wp\/v2\/tags?post=2358"}],"curies":[{"name":"wp","href":"https:\/\/api.w.org\/{rel}","templated":true}]}}