{"id":2374,"date":"2021-08-03T11:02:15","date_gmt":"2021-08-03T14:02:15","guid":{"rendered":"https:\/\/cvmarj.org.br\/site\/?p=2374"},"modified":"2021-08-03T11:02:17","modified_gmt":"2021-08-03T14:02:17","slug":"sefferson-steindorff-47-museu-militar","status":"publish","type":"post","link":"https:\/\/cvmarj.org.br\/site\/index.php\/2021\/08\/03\/sefferson-steindorff-47-museu-militar\/","title":{"rendered":"Sefferson Steindorff 47 (Museu Militar)"},"content":{"rendered":"\n<p>BRASILEIRO \u2013 A42<br>Marca: Viatura Jeep Ambul\u00e2ncia M &#8211; 170<br>Modelo: M-170<br>Cor: verde<br>Ano: 1962<br>Placa: N\u00e3o emplacado<br>Identifica\u00e7\u00e3o: Americano<\/p>\n\n\n\n<figure class=\"wp-block-gallery columns-3 is-cropped wp-block-gallery-1 is-layout-flex wp-block-gallery-is-layout-flex\"><ul class=\"blocks-gallery-grid\"><li class=\"blocks-gallery-item\"><figure><img fetchpriority=\"high\" decoding=\"async\" width=\"440\" height=\"519\" src=\"https:\/\/cvmarj.org.br\/site\/wp-content\/uploads\/2021\/08\/86aaf545-b347-4138-980d-257b7859ae0b.jpg\" alt=\"\" data-id=\"2375\" data-full-url=\"https:\/\/cvmarj.org.br\/site\/wp-content\/uploads\/2021\/08\/86aaf545-b347-4138-980d-257b7859ae0b.jpg\" data-link=\"https:\/\/cvmarj.org.br\/site\/?attachment_id=2375\" class=\"wp-image-2375\" srcset=\"https:\/\/cvmarj.org.br\/site\/wp-content\/uploads\/2021\/08\/86aaf545-b347-4138-980d-257b7859ae0b.jpg 440w, https:\/\/cvmarj.org.br\/site\/wp-content\/uploads\/2021\/08\/86aaf545-b347-4138-980d-257b7859ae0b-254x300.jpg 254w\" sizes=\"(max-width: 440px) 100vw, 440px\" \/><\/figure><\/li><li class=\"blocks-gallery-item\"><figure><img decoding=\"async\" width=\"644\" height=\"347\" src=\"https:\/\/cvmarj.org.br\/site\/wp-content\/uploads\/2021\/08\/9320c39c-d4fa-4bea-806f-02bda4eff99f.jpg\" alt=\"\" data-id=\"2376\" data-full-url=\"https:\/\/cvmarj.org.br\/site\/wp-content\/uploads\/2021\/08\/9320c39c-d4fa-4bea-806f-02bda4eff99f.jpg\" data-link=\"https:\/\/cvmarj.org.br\/site\/?attachment_id=2376\" class=\"wp-image-2376\" srcset=\"https:\/\/cvmarj.org.br\/site\/wp-content\/uploads\/2021\/08\/9320c39c-d4fa-4bea-806f-02bda4eff99f.jpg 644w, https:\/\/cvmarj.org.br\/site\/wp-content\/uploads\/2021\/08\/9320c39c-d4fa-4bea-806f-02bda4eff99f-300x162.jpg 300w\" sizes=\"(max-width: 644px) 100vw, 644px\" \/><\/figure><\/li><li class=\"blocks-gallery-item\"><figure><img decoding=\"async\" width=\"467\" height=\"471\" src=\"https:\/\/cvmarj.org.br\/site\/wp-content\/uploads\/2021\/08\/db144dc5-35a7-46ae-b751-519bd19cf67b.jpg\" alt=\"\" data-id=\"2377\" data-full-url=\"https:\/\/cvmarj.org.br\/site\/wp-content\/uploads\/2021\/08\/db144dc5-35a7-46ae-b751-519bd19cf67b.jpg\" data-link=\"https:\/\/cvmarj.org.br\/site\/?attachment_id=2377\" class=\"wp-image-2377\" srcset=\"https:\/\/cvmarj.org.br\/site\/wp-content\/uploads\/2021\/08\/db144dc5-35a7-46ae-b751-519bd19cf67b.jpg 467w, https:\/\/cvmarj.org.br\/site\/wp-content\/uploads\/2021\/08\/db144dc5-35a7-46ae-b751-519bd19cf67b-297x300.jpg 297w, https:\/\/cvmarj.org.br\/site\/wp-content\/uploads\/2021\/08\/db144dc5-35a7-46ae-b751-519bd19cf67b-150x150.jpg 150w\" sizes=\"(max-width: 467px) 100vw, 467px\" \/><\/figure><\/li><li class=\"blocks-gallery-item\"><figure><img loading=\"lazy\" decoding=\"async\" width=\"499\" height=\"461\" src=\"https:\/\/cvmarj.org.br\/site\/wp-content\/uploads\/2021\/08\/f683acbc-2338-45dc-94e2-0c3e53108ffe.jpg\" alt=\"\" data-id=\"2378\" data-full-url=\"https:\/\/cvmarj.org.br\/site\/wp-content\/uploads\/2021\/08\/f683acbc-2338-45dc-94e2-0c3e53108ffe.jpg\" data-link=\"https:\/\/cvmarj.org.br\/site\/?attachment_id=2378\" class=\"wp-image-2378\" srcset=\"https:\/\/cvmarj.org.br\/site\/wp-content\/uploads\/2021\/08\/f683acbc-2338-45dc-94e2-0c3e53108ffe.jpg 499w, https:\/\/cvmarj.org.br\/site\/wp-content\/uploads\/2021\/08\/f683acbc-2338-45dc-94e2-0c3e53108ffe-300x277.jpg 300w\" sizes=\"(max-width: 499px) 100vw, 499px\" \/><\/figure><\/li><\/ul><\/figure>\n","protected":false},"excerpt":{"rendered":"<p>BRASILEIRO \u2013 A42Marca: Viatura Jeep Ambul\u00e2ncia M &#8211; 170Modelo: M-170Cor: verdeAno: 1962Placa: N\u00e3o emplacadoIdentifica\u00e7\u00e3o: Americano<\/p>\n","protected":false},"author":1,"featured_media":2379,"comment_status":"closed","ping_status":"closed","sticky":false,"template":"","format":"standard","meta":{"neve_meta_sidebar":"","neve_meta_container":"","neve_meta_enable_content_width":"","neve_meta_content_width":0,"neve_meta_title_alignment":"","neve_meta_author_avatar":"","neve_post_elements_order":"","neve_meta_disable_header":"","neve_meta_disable_footer":"","neve_meta_disable_title":"","footnotes":""},"categories":[4],"tags":[],"_links":{"self":[{"href":"https:\/\/cvmarj.org.br\/site\/index.php\/wp-json\/wp\/v2\/posts\/2374"}],"collection":[{"href":"https:\/\/cvmarj.org.br\/site\/index.php\/wp-json\/wp\/v2\/posts"}],"about":[{"href":"https:\/\/cvmarj.org.br\/site\/index.php\/wp-json\/wp\/v2\/types\/post"}],"author":[{"embeddable":true,"href":"https:\/\/cvmarj.org.br\/site\/index.php\/wp-json\/wp\/v2\/users\/1"}],"replies":[{"embeddable":true,"href":"https:\/\/cvmarj.org.br\/site\/index.php\/wp-json\/wp\/v2\/comments?post=2374"}],"version-history":[{"count":1,"href":"https:\/\/cvmarj.org.br\/site\/index.php\/wp-json\/wp\/v2\/posts\/2374\/revisions"}],"predecessor-version":[{"id":2380,"href":"https:\/\/cvmarj.org.br\/site\/index.php\/wp-json\/wp\/v2\/posts\/2374\/revisions\/2380"}],"wp:featuredmedia":[{"embeddable":true,"href":"https:\/\/cvmarj.org.br\/site\/index.php\/wp-json\/wp\/v2\/media\/2379"}],"wp:attachment":[{"href":"https:\/\/cvmarj.org.br\/site\/index.php\/wp-json\/wp\/v2\/media?parent=2374"}],"wp:term":[{"taxonomy":"category","embeddable":true,"href":"https:\/\/cvmarj.org.br\/site\/index.php\/wp-json\/wp\/v2\/categories?post=2374"},{"taxonomy":"post_tag","embeddable":true,"href":"https:\/\/cvmarj.org.br\/site\/index.php\/wp-json\/wp\/v2\/tags?post=2374"}],"curies":[{"name":"wp","href":"https:\/\/api.w.org\/{rel}","templated":true}]}}