{"id":2410,"date":"2021-08-09T19:51:04","date_gmt":"2021-08-09T22:51:04","guid":{"rendered":"https:\/\/cvmarj.org.br\/site\/?p=2410"},"modified":"2021-08-09T19:51:06","modified_gmt":"2021-08-09T22:51:06","slug":"agosto-2021","status":"publish","type":"post","link":"https:\/\/cvmarj.org.br\/site\/index.php\/2021\/08\/09\/agosto-2021\/","title":{"rendered":"AGOSTO 2021"},"content":{"rendered":"\n<p>ATIVIDADES MENSAIS DO CVMARJ _ AGOSTO DE 2021.<\/p>\n\n\n\n<p>RIO DE JANEIRO, RJ, 06\/08\/2021.<\/p>\n\n\n\n<ul><li>07\/08\/2021, S\u00c1BADO:<br>_ REUNIA\u00c7\u00c3O DO VETERAN, NO CITT\u00c1 OFFICES, AV. DAS AM\u00c9RICAS, 700, BARRA DA TIJUCA.<\/li><li>14\/08\/2021, S\u00c1BADO:<br>_ VISITA AO MUSEU DO QUARTEL CENTRAL DO CORPO DE BOMBEIROS, E DEPOIS, ALMO\u00c7O POR ADES\u00c3O, NO CLUBE DE AERON\u00c1UTICA NA PRA\u00c7A XV ( \u00c0 CONFIRMAR ).<\/li><li>15\/08\/2021, DOMINGO:<br>_ ENCONTRO DO CVMARJ NO MUSEU MILITAR CONDE DE LINHARES ( \u00c0 CONFIRMAR ).<\/li><li>16\/08\/2021, SEGUNDA FEIRA:<br>_ VISITA DE REPRESENTA\u00c7\u00c3O DA DIRETORIA, \u00c0 AD\/1.<\/li><li>21\/08\/2021, S\u00c1BADO:<br>_ PORT\u00d5ES ABERTOS, NA SEDE DO CVMARJ.<\/li><li>28\/08\/2021, S\u00c1BADO: REUNI\u00c3O DA DIRETORIA E CONSELHO ELEITOS, EM TUBIACANGA.<\/li><\/ul>\n\n\n\n<p>OBSERVA\u00c7\u00c3O: PROGRAMA\u00c7\u00c3O PODE TER ALTERA\u00c7\u00d5ES.<\/p>\n\n\n\n<p>SOMOS CVMARJ!<\/p>\n\n\n\n<p>VAMOS EM FRENTE!<\/p>\n\n\n\n<p>AT.<\/p>\n\n\n\n<p>S\u00c9RGIO CAPELLA.<br>PRESIDENTE DO CVMARJ.<\/p>\n","protected":false},"excerpt":{"rendered":"<p>ATIVIDADES MENSAIS DO CVMARJ _ AGOSTO DE 2021. RIO DE JANEIRO, RJ, 06\/08\/2021. 07\/08\/2021, S\u00c1BADO:_ REUNIA\u00c7\u00c3O DO VETERAN, NO CITT\u00c1 OFFICES, AV. DAS AM\u00c9RICAS, 700, BARRA DA TIJUCA. 14\/08\/2021, S\u00c1BADO:_ VISITA AO MUSEU DO QUARTEL CENTRAL DO CORPO DE BOMBEIROS, E DEPOIS, ALMO\u00c7O POR ADES\u00c3O, NO CLUBE DE AERON\u00c1UTICA NA PRA\u00c7A XV ( \u00c0 CONFIRMAR&hellip;&nbsp;<a href=\"https:\/\/cvmarj.org.br\/site\/index.php\/2021\/08\/09\/agosto-2021\/\" class=\"\" rel=\"bookmark\">Ler mais &raquo;<span class=\"screen-reader-text\">AGOSTO 2021<\/span><\/a><\/p>\n","protected":false},"author":1,"featured_media":0,"comment_status":"closed","ping_status":"closed","sticky":false,"template":"","format":"standard","meta":{"neve_meta_sidebar":"","neve_meta_container":"","neve_meta_enable_content_width":"","neve_meta_content_width":0,"neve_meta_title_alignment":"","neve_meta_author_avatar":"","neve_post_elements_order":"","neve_meta_disable_header":"","neve_meta_disable_footer":"","neve_meta_disable_title":"","footnotes":""},"categories":[7],"tags":[],"_links":{"self":[{"href":"https:\/\/cvmarj.org.br\/site\/index.php\/wp-json\/wp\/v2\/posts\/2410"}],"collection":[{"href":"https:\/\/cvmarj.org.br\/site\/index.php\/wp-json\/wp\/v2\/posts"}],"about":[{"href":"https:\/\/cvmarj.org.br\/site\/index.php\/wp-json\/wp\/v2\/types\/post"}],"author":[{"embeddable":true,"href":"https:\/\/cvmarj.org.br\/site\/index.php\/wp-json\/wp\/v2\/users\/1"}],"replies":[{"embeddable":true,"href":"https:\/\/cvmarj.org.br\/site\/index.php\/wp-json\/wp\/v2\/comments?post=2410"}],"version-history":[{"count":1,"href":"https:\/\/cvmarj.org.br\/site\/index.php\/wp-json\/wp\/v2\/posts\/2410\/revisions"}],"predecessor-version":[{"id":2411,"href":"https:\/\/cvmarj.org.br\/site\/index.php\/wp-json\/wp\/v2\/posts\/2410\/revisions\/2411"}],"wp:attachment":[{"href":"https:\/\/cvmarj.org.br\/site\/index.php\/wp-json\/wp\/v2\/media?parent=2410"}],"wp:term":[{"taxonomy":"category","embeddable":true,"href":"https:\/\/cvmarj.org.br\/site\/index.php\/wp-json\/wp\/v2\/categories?post=2410"},{"taxonomy":"post_tag","embeddable":true,"href":"https:\/\/cvmarj.org.br\/site\/index.php\/wp-json\/wp\/v2\/tags?post=2410"}],"curies":[{"name":"wp","href":"https:\/\/api.w.org\/{rel}","templated":true}]}}