{"id":2470,"date":"2021-09-02T21:46:13","date_gmt":"2021-09-03T00:46:13","guid":{"rendered":"https:\/\/cvmarj.org.br\/site\/?p=2470"},"modified":"2021-09-02T21:52:08","modified_gmt":"2021-09-03T00:52:08","slug":"setembro-2021","status":"publish","type":"post","link":"https:\/\/cvmarj.org.br\/site\/index.php\/2021\/09\/02\/setembro-2021\/","title":{"rendered":"SETEMBRO 2021"},"content":{"rendered":"\n<p>ATIVIDADES MENSAIS DO CVMARJ!<\/p>\n\n\n\n<p>SETEMBRO DE 2021.<\/p>\n\n\n\n<p>SEGUE A PREVIS\u00c3O DAS NOSSAS ATIVIDADES PARA SETEMBRO DE 2021:<\/p>\n\n\n\n<ul><li>07\/09\/21, TER\u00c7A FEIRA: COLUNA DA VIT\u00d3RIA CVMARJ _ 2021.<\/li><li>11\/09\/21, S\u00c1BADO: ENCONTRO DO VETERAN, CITTA OFFICE MALL, BARRA DA TIJUCA.<\/li><li>18\/09\/21, S\u00c1BADO: REUNI\u00c3O DA DIRETORIA E CONSELHO ELEITOS, SEDE DO CLUBE EM TUBIACANGA.<\/li><li>19\/09\/21, DOMINGO: EXPOSI\u00c7\u00c3O MENSAL NO MUSEU CONDE DE LINHARES, EM S\u00c3O CRIST\u00d3V\u00c3O.<\/li><li>25\/09\/2021, S\u00c1BADO: VISITA OFICIAL AO MUSEU AEROESPACIAL, CAMPO DOS AFONSOS.<\/li><\/ul>\n\n\n\n<p>OBS: PROGRAMA\u00c7\u00c3O PODE SOFRER ALTERA\u00c7\u00d5ES.<\/p>\n\n\n\n<p>INDEPEND\u00caNCIA OU MORTE!<\/p>\n\n\n\n<p>AT.<\/p>\n\n\n\n<p>S\u00c9RGIO CAPELLA.<br>PRESIDENTE DO CVMARJ.<\/p>\n","protected":false},"excerpt":{"rendered":"<p>ATIVIDADES MENSAIS DO CVMARJ! SETEMBRO DE 2021. SEGUE A PREVIS\u00c3O DAS NOSSAS ATIVIDADES PARA SETEMBRO DE 2021: 07\/09\/21, TER\u00c7A FEIRA: COLUNA DA VIT\u00d3RIA CVMARJ _ 2021. 11\/09\/21, S\u00c1BADO: ENCONTRO DO VETERAN, CITTA OFFICE MALL, BARRA DA TIJUCA. 18\/09\/21, S\u00c1BADO: REUNI\u00c3O DA DIRETORIA E CONSELHO ELEITOS, SEDE DO CLUBE EM TUBIACANGA. 19\/09\/21, DOMINGO: EXPOSI\u00c7\u00c3O MENSAL NO&hellip;&nbsp;<a href=\"https:\/\/cvmarj.org.br\/site\/index.php\/2021\/09\/02\/setembro-2021\/\" class=\"\" rel=\"bookmark\">Ler mais &raquo;<span class=\"screen-reader-text\">SETEMBRO 2021<\/span><\/a><\/p>\n","protected":false},"author":1,"featured_media":0,"comment_status":"closed","ping_status":"closed","sticky":false,"template":"","format":"standard","meta":{"neve_meta_sidebar":"","neve_meta_container":"","neve_meta_enable_content_width":"","neve_meta_content_width":0,"neve_meta_title_alignment":"","neve_meta_author_avatar":"","neve_post_elements_order":"","neve_meta_disable_header":"","neve_meta_disable_footer":"","neve_meta_disable_title":"","footnotes":""},"categories":[7],"tags":[],"_links":{"self":[{"href":"https:\/\/cvmarj.org.br\/site\/index.php\/wp-json\/wp\/v2\/posts\/2470"}],"collection":[{"href":"https:\/\/cvmarj.org.br\/site\/index.php\/wp-json\/wp\/v2\/posts"}],"about":[{"href":"https:\/\/cvmarj.org.br\/site\/index.php\/wp-json\/wp\/v2\/types\/post"}],"author":[{"embeddable":true,"href":"https:\/\/cvmarj.org.br\/site\/index.php\/wp-json\/wp\/v2\/users\/1"}],"replies":[{"embeddable":true,"href":"https:\/\/cvmarj.org.br\/site\/index.php\/wp-json\/wp\/v2\/comments?post=2470"}],"version-history":[{"count":3,"href":"https:\/\/cvmarj.org.br\/site\/index.php\/wp-json\/wp\/v2\/posts\/2470\/revisions"}],"predecessor-version":[{"id":2478,"href":"https:\/\/cvmarj.org.br\/site\/index.php\/wp-json\/wp\/v2\/posts\/2470\/revisions\/2478"}],"wp:attachment":[{"href":"https:\/\/cvmarj.org.br\/site\/index.php\/wp-json\/wp\/v2\/media?parent=2470"}],"wp:term":[{"taxonomy":"category","embeddable":true,"href":"https:\/\/cvmarj.org.br\/site\/index.php\/wp-json\/wp\/v2\/categories?post=2470"},{"taxonomy":"post_tag","embeddable":true,"href":"https:\/\/cvmarj.org.br\/site\/index.php\/wp-json\/wp\/v2\/tags?post=2470"}],"curies":[{"name":"wp","href":"https:\/\/api.w.org\/{rel}","templated":true}]}}