{"id":2582,"date":"2021-09-28T12:20:53","date_gmt":"2021-09-28T15:20:53","guid":{"rendered":"https:\/\/cvmarj.org.br\/site\/?p=2582"},"modified":"2021-09-28T12:20:56","modified_gmt":"2021-09-28T15:20:56","slug":"mensagem-do-brigadeiro-bhering-um-dos-homens-que-mais-contribuiu-para-a-organizacao-do-musal","status":"publish","type":"post","link":"https:\/\/cvmarj.org.br\/site\/index.php\/2021\/09\/28\/mensagem-do-brigadeiro-bhering-um-dos-homens-que-mais-contribuiu-para-a-organizacao-do-musal\/","title":{"rendered":"Mensagem do Brigadeiro Bhering, um dos homens que mais contribuiu para a organiza\u00e7\u00e3o do MUSAL"},"content":{"rendered":"\n<p>Bom dia! Espetaculares registros hist\u00f3ricos da sequ\u00eancia de exposi\u00e7\u00f5es no MUSAL! Ainda mais, com um grupo seleto como o CVMARJ! At\u00e9 me achei na foto dos integrantes do museu ! A hist\u00f3ria da FAB conta com voc\u00eas. Fraterno abra\u00e7o! Bhering.\ud83d\udc4f\ud83d\udc4d\u2708\ufe0f\ud83c\udde7\ud83c\uddf7<br><br><\/p>\n\n\n\n<p>Esse reconhecimento, n\u00e3o tem pre\u00e7o, a n\u00e3o ser a satisfa\u00e7\u00e3o do dever cumprido.<br>Mais uma vez agrade\u00e7o \u00e0 todos que de alguma forma contribu\u00edram para o sucesso da nossa visita ao MUSAL.<\/p>\n","protected":false},"excerpt":{"rendered":"<p>Bom dia! Espetaculares registros hist\u00f3ricos da sequ\u00eancia de exposi\u00e7\u00f5es no MUSAL! Ainda mais, com um grupo seleto como o CVMARJ! At\u00e9 me achei na foto dos integrantes do museu ! A hist\u00f3ria da FAB conta com voc\u00eas. Fraterno abra\u00e7o! Bhering.\ud83d\udc4f\ud83d\udc4d\u2708\ufe0f\ud83c\udde7\ud83c\uddf7 Esse reconhecimento, n\u00e3o tem pre\u00e7o, a n\u00e3o ser a satisfa\u00e7\u00e3o do dever cumprido.Mais uma vez&hellip;&nbsp;<a href=\"https:\/\/cvmarj.org.br\/site\/index.php\/2021\/09\/28\/mensagem-do-brigadeiro-bhering-um-dos-homens-que-mais-contribuiu-para-a-organizacao-do-musal\/\" class=\"\" rel=\"bookmark\">Ler mais &raquo;<span class=\"screen-reader-text\">Mensagem do Brigadeiro Bhering, um dos homens que mais contribuiu para a organiza\u00e7\u00e3o do MUSAL<\/span><\/a><\/p>\n","protected":false},"author":1,"featured_media":0,"comment_status":"closed","ping_status":"closed","sticky":false,"template":"","format":"standard","meta":{"neve_meta_sidebar":"","neve_meta_container":"","neve_meta_enable_content_width":"","neve_meta_content_width":0,"neve_meta_title_alignment":"","neve_meta_author_avatar":"","neve_post_elements_order":"","neve_meta_disable_header":"","neve_meta_disable_footer":"","neve_meta_disable_title":"","footnotes":""},"categories":[9],"tags":[],"_links":{"self":[{"href":"https:\/\/cvmarj.org.br\/site\/index.php\/wp-json\/wp\/v2\/posts\/2582"}],"collection":[{"href":"https:\/\/cvmarj.org.br\/site\/index.php\/wp-json\/wp\/v2\/posts"}],"about":[{"href":"https:\/\/cvmarj.org.br\/site\/index.php\/wp-json\/wp\/v2\/types\/post"}],"author":[{"embeddable":true,"href":"https:\/\/cvmarj.org.br\/site\/index.php\/wp-json\/wp\/v2\/users\/1"}],"replies":[{"embeddable":true,"href":"https:\/\/cvmarj.org.br\/site\/index.php\/wp-json\/wp\/v2\/comments?post=2582"}],"version-history":[{"count":1,"href":"https:\/\/cvmarj.org.br\/site\/index.php\/wp-json\/wp\/v2\/posts\/2582\/revisions"}],"predecessor-version":[{"id":2583,"href":"https:\/\/cvmarj.org.br\/site\/index.php\/wp-json\/wp\/v2\/posts\/2582\/revisions\/2583"}],"wp:attachment":[{"href":"https:\/\/cvmarj.org.br\/site\/index.php\/wp-json\/wp\/v2\/media?parent=2582"}],"wp:term":[{"taxonomy":"category","embeddable":true,"href":"https:\/\/cvmarj.org.br\/site\/index.php\/wp-json\/wp\/v2\/categories?post=2582"},{"taxonomy":"post_tag","embeddable":true,"href":"https:\/\/cvmarj.org.br\/site\/index.php\/wp-json\/wp\/v2\/tags?post=2582"}],"curies":[{"name":"wp","href":"https:\/\/api.w.org\/{rel}","templated":true}]}}