{"id":2598,"date":"2021-09-30T13:13:06","date_gmt":"2021-09-30T16:13:06","guid":{"rendered":"https:\/\/cvmarj.org.br\/site\/?p=2598"},"modified":"2021-09-30T13:13:07","modified_gmt":"2021-09-30T16:13:07","slug":"dia-do-paraquedista-militar","status":"publish","type":"post","link":"https:\/\/cvmarj.org.br\/site\/index.php\/2021\/09\/30\/dia-do-paraquedista-militar\/","title":{"rendered":"Dia do Paraquedista Militar"},"content":{"rendered":"\n<p>No\u00a0dia 29 de setembro\u00a0comemora-se o\u00a0Dia do Paraquedista Militar\u00a0em celebra\u00e7\u00e3o ao seu padroeiro, S\u00e3o Miguel Arcanjo. Em 1945, o Ex\u00e9rcito Brasileiro criou, no Rio de Janeiro, a Escola de\u00a0Paraquedistas, dando in\u00edcio ao\u00a0paraquedismo militar\u00a0no Brasil.<\/p>\n","protected":false},"excerpt":{"rendered":"<p>No\u00a0dia 29 de setembro\u00a0comemora-se o\u00a0Dia do Paraquedista Militar\u00a0em celebra\u00e7\u00e3o ao seu padroeiro, S\u00e3o Miguel Arcanjo. Em 1945, o Ex\u00e9rcito Brasileiro criou, no Rio de Janeiro, a Escola de\u00a0Paraquedistas, dando in\u00edcio ao\u00a0paraquedismo militar\u00a0no Brasil.<\/p>\n","protected":false},"author":1,"featured_media":2599,"comment_status":"closed","ping_status":"closed","sticky":false,"template":"","format":"standard","meta":{"neve_meta_sidebar":"","neve_meta_container":"","neve_meta_enable_content_width":"","neve_meta_content_width":0,"neve_meta_title_alignment":"","neve_meta_author_avatar":"","neve_post_elements_order":"","neve_meta_disable_header":"","neve_meta_disable_footer":"","neve_meta_disable_title":"","footnotes":""},"categories":[9],"tags":[],"_links":{"self":[{"href":"https:\/\/cvmarj.org.br\/site\/index.php\/wp-json\/wp\/v2\/posts\/2598"}],"collection":[{"href":"https:\/\/cvmarj.org.br\/site\/index.php\/wp-json\/wp\/v2\/posts"}],"about":[{"href":"https:\/\/cvmarj.org.br\/site\/index.php\/wp-json\/wp\/v2\/types\/post"}],"author":[{"embeddable":true,"href":"https:\/\/cvmarj.org.br\/site\/index.php\/wp-json\/wp\/v2\/users\/1"}],"replies":[{"embeddable":true,"href":"https:\/\/cvmarj.org.br\/site\/index.php\/wp-json\/wp\/v2\/comments?post=2598"}],"version-history":[{"count":1,"href":"https:\/\/cvmarj.org.br\/site\/index.php\/wp-json\/wp\/v2\/posts\/2598\/revisions"}],"predecessor-version":[{"id":2600,"href":"https:\/\/cvmarj.org.br\/site\/index.php\/wp-json\/wp\/v2\/posts\/2598\/revisions\/2600"}],"wp:featuredmedia":[{"embeddable":true,"href":"https:\/\/cvmarj.org.br\/site\/index.php\/wp-json\/wp\/v2\/media\/2599"}],"wp:attachment":[{"href":"https:\/\/cvmarj.org.br\/site\/index.php\/wp-json\/wp\/v2\/media?parent=2598"}],"wp:term":[{"taxonomy":"category","embeddable":true,"href":"https:\/\/cvmarj.org.br\/site\/index.php\/wp-json\/wp\/v2\/categories?post=2598"},{"taxonomy":"post_tag","embeddable":true,"href":"https:\/\/cvmarj.org.br\/site\/index.php\/wp-json\/wp\/v2\/tags?post=2598"}],"curies":[{"name":"wp","href":"https:\/\/api.w.org\/{rel}","templated":true}]}}