{"id":2618,"date":"2021-10-13T11:51:16","date_gmt":"2021-10-13T14:51:16","guid":{"rendered":"https:\/\/cvmarj.org.br\/site\/?p=2618"},"modified":"2021-10-13T11:51:18","modified_gmt":"2021-10-13T14:51:18","slug":"atencao-alteracao-de-atividades-do-cvmarj","status":"publish","type":"post","link":"https:\/\/cvmarj.org.br\/site\/index.php\/2021\/10\/13\/atencao-alteracao-de-atividades-do-cvmarj\/","title":{"rendered":"ATEN\u00c7\u00c3O: ALTERA\u00c7\u00c3O DE ATIVIDADES DO CVMARJ"},"content":{"rendered":"\n<p> OUTUBRO E NOVEMBRO 2021.<\/p>\n\n\n\n<p>SEGUE ALTERA\u00c7\u00d5ES:<\/p>\n\n\n\n<p>30\/10\/2021: PORT\u00d5ES ABERTOS NA SEDE DO CVMARJ, C\u00c1NCELADO.<\/p>\n\n\n\n<p>ASSEMBLEIA GERAL EXTRAORDIN\u00c1RIA: DATA ALTERADA.<\/p>\n\n\n\n<p>MUDOU DO DIA, 06\/11\/2021, S\u00c1BADO, PARA O DIA 13\/11\/2021, S\u00c1BADO, A PARTIR DAS 10:00 H, SEDE DO CLUBE.<\/p>\n\n\n\n<p>AT.<\/p>\n\n\n\n<p>S\u00c9RGIO CAPELLA.<br>PRESIDENTE DO CVMARJ.<\/p>\n","protected":false},"excerpt":{"rendered":"<p>OUTUBRO E NOVEMBRO 2021. SEGUE ALTERA\u00c7\u00d5ES: 30\/10\/2021: PORT\u00d5ES ABERTOS NA SEDE DO CVMARJ, C\u00c1NCELADO. ASSEMBLEIA GERAL EXTRAORDIN\u00c1RIA: DATA ALTERADA. MUDOU DO DIA, 06\/11\/2021, S\u00c1BADO, PARA O DIA 13\/11\/2021, S\u00c1BADO, A PARTIR DAS 10:00 H, SEDE DO CLUBE. AT. S\u00c9RGIO CAPELLA.PRESIDENTE DO CVMARJ.<\/p>\n","protected":false},"author":1,"featured_media":0,"comment_status":"closed","ping_status":"closed","sticky":false,"template":"","format":"standard","meta":{"neve_meta_sidebar":"","neve_meta_container":"","neve_meta_enable_content_width":"","neve_meta_content_width":0,"neve_meta_title_alignment":"","neve_meta_author_avatar":"","neve_post_elements_order":"","neve_meta_disable_header":"","neve_meta_disable_footer":"","neve_meta_disable_title":"","footnotes":""},"categories":[9],"tags":[],"_links":{"self":[{"href":"https:\/\/cvmarj.org.br\/site\/index.php\/wp-json\/wp\/v2\/posts\/2618"}],"collection":[{"href":"https:\/\/cvmarj.org.br\/site\/index.php\/wp-json\/wp\/v2\/posts"}],"about":[{"href":"https:\/\/cvmarj.org.br\/site\/index.php\/wp-json\/wp\/v2\/types\/post"}],"author":[{"embeddable":true,"href":"https:\/\/cvmarj.org.br\/site\/index.php\/wp-json\/wp\/v2\/users\/1"}],"replies":[{"embeddable":true,"href":"https:\/\/cvmarj.org.br\/site\/index.php\/wp-json\/wp\/v2\/comments?post=2618"}],"version-history":[{"count":1,"href":"https:\/\/cvmarj.org.br\/site\/index.php\/wp-json\/wp\/v2\/posts\/2618\/revisions"}],"predecessor-version":[{"id":2619,"href":"https:\/\/cvmarj.org.br\/site\/index.php\/wp-json\/wp\/v2\/posts\/2618\/revisions\/2619"}],"wp:attachment":[{"href":"https:\/\/cvmarj.org.br\/site\/index.php\/wp-json\/wp\/v2\/media?parent=2618"}],"wp:term":[{"taxonomy":"category","embeddable":true,"href":"https:\/\/cvmarj.org.br\/site\/index.php\/wp-json\/wp\/v2\/categories?post=2618"},{"taxonomy":"post_tag","embeddable":true,"href":"https:\/\/cvmarj.org.br\/site\/index.php\/wp-json\/wp\/v2\/tags?post=2618"}],"curies":[{"name":"wp","href":"https:\/\/api.w.org\/{rel}","templated":true}]}}