{"id":2626,"date":"2021-10-19T10:34:16","date_gmt":"2021-10-19T13:34:16","guid":{"rendered":"https:\/\/cvmarj.org.br\/site\/?p=2626"},"modified":"2021-10-19T10:34:18","modified_gmt":"2021-10-19T13:34:18","slug":"academia-militar-das-agulhas-negras-aman","status":"publish","type":"post","link":"https:\/\/cvmarj.org.br\/site\/index.php\/2021\/10\/19\/academia-militar-das-agulhas-negras-aman\/","title":{"rendered":"ACADEMIA MILITAR DAS AGULHAS NEGRAS -AMAN"},"content":{"rendered":"\n<p>RJ, RJ, 18\/10\/2021.<\/p>\n\n\n\n<p>Bom dia.<\/p>\n\n\n\n<p>Terminamos ontem mais uma importante apresenta\u00e7\u00e3o do CVMARJ, mais uma vez na ACADEMIA MILITAR DAS AGULHAS NEGRAS _ AMAN, \u00e0 convite do CURSO DE MATERIAL B\u00c9LICO.<\/p>\n\n\n\n<p>Tivemos uma representa\u00e7\u00e3o de 8 viaturas militares antigas e 2 motocicletas, com um efetivo de 17 pessoas, trabalhando dentro do projeto do MUSEU VIVO DE VIATURAS MILITARES.<\/p>\n\n\n\n<p>Foi mais um evento fant\u00e1stico e inesquec\u00edvel que realizamos em 2021.<\/p>\n\n\n\n<p>Agradecemos \u00e0 todos que de alguma forma contribu\u00edram para o sucesso da nossa apresenta\u00e7\u00e3o.<\/p>\n\n\n\n<p>Registramos, mais uma vez o nosso agradecimento \u00e0 todos os componentes da AMAN, desde o General de Brigada Pimentel, atual Comandante, ao seu componente mais moderno.<\/p>\n\n\n\n<p>Tivemos uma recep\u00e7\u00e3o, carinho e aten\u00e7\u00e3o, simplesmente excepcional, em todos os momentos da nossa estada em Resende.<\/p>\n\n\n\n<p>Esperamos poder retornar em outras oportunidades, levando representantes do Clube, \u00e0 um dos estabelecimentos de ensino militar de maior reconhecimento e destaque em todo mundo.<\/p>\n\n\n\n<p>Aos que n\u00e3o puderam comparecer, fizemos de tudo para poder representa los, mas reafirmando que suas aus\u00eancias foram muito sentidas.<\/p>\n\n\n\n<p>O CVMARJ, n\u00e3o para, ainda temos muitos km pela frente, em breve excelentes not\u00edcias.<\/p>\n\n\n\n<p>SOMOS CVMARJ!<\/p>\n\n\n\n<p>VAMOS EM FRENTE!<\/p>\n\n\n\n<p>At.<\/p>\n\n\n\n<p>S\u00e9rgio Capella.<br>Presidente do CVMARJ.<\/p>\n","protected":false},"excerpt":{"rendered":"<p>RJ, RJ, 18\/10\/2021. Bom dia. Terminamos ontem mais uma importante apresenta\u00e7\u00e3o do CVMARJ, mais uma vez na ACADEMIA MILITAR DAS AGULHAS NEGRAS _ AMAN, \u00e0 convite do CURSO DE MATERIAL B\u00c9LICO. Tivemos uma representa\u00e7\u00e3o de 8 viaturas militares antigas e 2 motocicletas, com um efetivo de 17 pessoas, trabalhando dentro do projeto do MUSEU VIVO&hellip;&nbsp;<a href=\"https:\/\/cvmarj.org.br\/site\/index.php\/2021\/10\/19\/academia-militar-das-agulhas-negras-aman\/\" class=\"\" rel=\"bookmark\">Ler mais &raquo;<span class=\"screen-reader-text\">ACADEMIA MILITAR DAS AGULHAS NEGRAS -AMAN<\/span><\/a><\/p>\n","protected":false},"author":1,"featured_media":0,"comment_status":"closed","ping_status":"closed","sticky":false,"template":"","format":"standard","meta":{"neve_meta_sidebar":"","neve_meta_container":"","neve_meta_enable_content_width":"","neve_meta_content_width":0,"neve_meta_title_alignment":"","neve_meta_author_avatar":"","neve_post_elements_order":"","neve_meta_disable_header":"","neve_meta_disable_footer":"","neve_meta_disable_title":"","footnotes":""},"categories":[9],"tags":[],"_links":{"self":[{"href":"https:\/\/cvmarj.org.br\/site\/index.php\/wp-json\/wp\/v2\/posts\/2626"}],"collection":[{"href":"https:\/\/cvmarj.org.br\/site\/index.php\/wp-json\/wp\/v2\/posts"}],"about":[{"href":"https:\/\/cvmarj.org.br\/site\/index.php\/wp-json\/wp\/v2\/types\/post"}],"author":[{"embeddable":true,"href":"https:\/\/cvmarj.org.br\/site\/index.php\/wp-json\/wp\/v2\/users\/1"}],"replies":[{"embeddable":true,"href":"https:\/\/cvmarj.org.br\/site\/index.php\/wp-json\/wp\/v2\/comments?post=2626"}],"version-history":[{"count":1,"href":"https:\/\/cvmarj.org.br\/site\/index.php\/wp-json\/wp\/v2\/posts\/2626\/revisions"}],"predecessor-version":[{"id":2627,"href":"https:\/\/cvmarj.org.br\/site\/index.php\/wp-json\/wp\/v2\/posts\/2626\/revisions\/2627"}],"wp:attachment":[{"href":"https:\/\/cvmarj.org.br\/site\/index.php\/wp-json\/wp\/v2\/media?parent=2626"}],"wp:term":[{"taxonomy":"category","embeddable":true,"href":"https:\/\/cvmarj.org.br\/site\/index.php\/wp-json\/wp\/v2\/categories?post=2626"},{"taxonomy":"post_tag","embeddable":true,"href":"https:\/\/cvmarj.org.br\/site\/index.php\/wp-json\/wp\/v2\/tags?post=2626"}],"curies":[{"name":"wp","href":"https:\/\/api.w.org\/{rel}","templated":true}]}}