{"id":2654,"date":"2021-10-25T18:34:08","date_gmt":"2021-10-25T21:34:08","guid":{"rendered":"https:\/\/cvmarj.org.br\/site\/?p=2654"},"modified":"2021-10-25T18:34:10","modified_gmt":"2021-10-25T21:34:10","slug":"medalha-do-jubileu-de-brilhante-da-vitoria","status":"publish","type":"post","link":"https:\/\/cvmarj.org.br\/site\/index.php\/2021\/10\/25\/medalha-do-jubileu-de-brilhante-da-vitoria\/","title":{"rendered":"MEDALHA DO JUBILEU DE BRILHANTE DA VIT\u00d3RIA"},"content":{"rendered":"\n<p>Dia 21\/10\/2021, quinta feira, dois S\u00f3cios do CVMARJ, receberam a MEDALHA DO JUBILEU DE BRILHANTE DA VIT\u00d3RIA, outorgada pela Associa\u00e7\u00e3o dos Ex Combatentes do Brasil, no audit\u00f3rio da ALERJ, no centro da cidade do Rio de Janeiro.<\/p>\n\n\n\n<p>Segue foto dos dois agraciados, Daniel Mata Roque e Sergio Capella.<\/p>\n\n\n\n<p>A COBRA CONTINUA FUMANDO!<\/p>\n\n\n\n<p>At.<\/p>\n\n\n\n<p>S\u00e9rgio Capella.<br>Presidente do CVMARJ.<\/p>\n\n\n\n<figure class=\"wp-block-gallery columns-3 is-cropped wp-block-gallery-1 is-layout-flex wp-block-gallery-is-layout-flex\"><ul class=\"blocks-gallery-grid\"><li class=\"blocks-gallery-item\"><figure><img fetchpriority=\"high\" decoding=\"async\" width=\"748\" height=\"1024\" src=\"https:\/\/cvmarj.org.br\/site\/wp-content\/uploads\/2021\/10\/62fd9ea2-5a17-4769-8903-de877273e4b9-748x1024.jpg\" alt=\"\" data-id=\"2658\" data-full-url=\"https:\/\/cvmarj.org.br\/site\/wp-content\/uploads\/2021\/10\/62fd9ea2-5a17-4769-8903-de877273e4b9.jpg\" data-link=\"https:\/\/cvmarj.org.br\/site\/?attachment_id=2658\" class=\"wp-image-2658\" srcset=\"https:\/\/cvmarj.org.br\/site\/wp-content\/uploads\/2021\/10\/62fd9ea2-5a17-4769-8903-de877273e4b9-748x1024.jpg 748w, https:\/\/cvmarj.org.br\/site\/wp-content\/uploads\/2021\/10\/62fd9ea2-5a17-4769-8903-de877273e4b9-219x300.jpg 219w, https:\/\/cvmarj.org.br\/site\/wp-content\/uploads\/2021\/10\/62fd9ea2-5a17-4769-8903-de877273e4b9-768x1051.jpg 768w, https:\/\/cvmarj.org.br\/site\/wp-content\/uploads\/2021\/10\/62fd9ea2-5a17-4769-8903-de877273e4b9-1122x1536.jpg 1122w, https:\/\/cvmarj.org.br\/site\/wp-content\/uploads\/2021\/10\/62fd9ea2-5a17-4769-8903-de877273e4b9.jpg 1169w\" sizes=\"(max-width: 748px) 100vw, 748px\" \/><\/figure><\/li><li class=\"blocks-gallery-item\"><figure><img decoding=\"async\" width=\"497\" height=\"1024\" src=\"https:\/\/cvmarj.org.br\/site\/wp-content\/uploads\/2021\/10\/56db4f62-afed-4a5f-938d-f1df40c5e0d7-497x1024.jpg\" alt=\"\" data-id=\"2657\" data-full-url=\"https:\/\/cvmarj.org.br\/site\/wp-content\/uploads\/2021\/10\/56db4f62-afed-4a5f-938d-f1df40c5e0d7.jpg\" data-link=\"https:\/\/cvmarj.org.br\/site\/?attachment_id=2657\" class=\"wp-image-2657\" srcset=\"https:\/\/cvmarj.org.br\/site\/wp-content\/uploads\/2021\/10\/56db4f62-afed-4a5f-938d-f1df40c5e0d7-497x1024.jpg 497w, https:\/\/cvmarj.org.br\/site\/wp-content\/uploads\/2021\/10\/56db4f62-afed-4a5f-938d-f1df40c5e0d7-146x300.jpg 146w, https:\/\/cvmarj.org.br\/site\/wp-content\/uploads\/2021\/10\/56db4f62-afed-4a5f-938d-f1df40c5e0d7-768x1581.jpg 768w, https:\/\/cvmarj.org.br\/site\/wp-content\/uploads\/2021\/10\/56db4f62-afed-4a5f-938d-f1df40c5e0d7-746x1536.jpg 746w, https:\/\/cvmarj.org.br\/site\/wp-content\/uploads\/2021\/10\/56db4f62-afed-4a5f-938d-f1df40c5e0d7.jpg 777w\" sizes=\"(max-width: 497px) 100vw, 497px\" \/><\/figure><\/li><li class=\"blocks-gallery-item\"><figure><img decoding=\"async\" width=\"469\" height=\"352\" src=\"https:\/\/cvmarj.org.br\/site\/wp-content\/uploads\/2021\/10\/2c38b46d-0f3b-42d7-808c-a20c5edfc7bd.jpg\" alt=\"\" data-id=\"2656\" data-full-url=\"https:\/\/cvmarj.org.br\/site\/wp-content\/uploads\/2021\/10\/2c38b46d-0f3b-42d7-808c-a20c5edfc7bd.jpg\" data-link=\"https:\/\/cvmarj.org.br\/site\/?attachment_id=2656\" class=\"wp-image-2656\" srcset=\"https:\/\/cvmarj.org.br\/site\/wp-content\/uploads\/2021\/10\/2c38b46d-0f3b-42d7-808c-a20c5edfc7bd.jpg 469w, https:\/\/cvmarj.org.br\/site\/wp-content\/uploads\/2021\/10\/2c38b46d-0f3b-42d7-808c-a20c5edfc7bd-300x225.jpg 300w\" sizes=\"(max-width: 469px) 100vw, 469px\" \/><\/figure><\/li><\/ul><\/figure>\n","protected":false},"excerpt":{"rendered":"<p>Dia 21\/10\/2021, quinta feira, dois S\u00f3cios do CVMARJ, receberam a MEDALHA DO JUBILEU DE BRILHANTE DA VIT\u00d3RIA, outorgada pela Associa\u00e7\u00e3o dos Ex Combatentes do Brasil, no audit\u00f3rio da ALERJ, no centro da cidade do Rio de Janeiro. Segue foto dos dois agraciados, Daniel Mata Roque e Sergio Capella. A COBRA CONTINUA FUMANDO! At. S\u00e9rgio Capella.Presidente&hellip;&nbsp;<a href=\"https:\/\/cvmarj.org.br\/site\/index.php\/2021\/10\/25\/medalha-do-jubileu-de-brilhante-da-vitoria\/\" class=\"\" rel=\"bookmark\">Ler mais &raquo;<span class=\"screen-reader-text\">MEDALHA DO JUBILEU DE BRILHANTE DA VIT\u00d3RIA<\/span><\/a><\/p>\n","protected":false},"author":1,"featured_media":2655,"comment_status":"closed","ping_status":"closed","sticky":false,"template":"","format":"standard","meta":{"neve_meta_sidebar":"","neve_meta_container":"","neve_meta_enable_content_width":"","neve_meta_content_width":0,"neve_meta_title_alignment":"","neve_meta_author_avatar":"","neve_post_elements_order":"","neve_meta_disable_header":"","neve_meta_disable_footer":"","neve_meta_disable_title":"","footnotes":""},"categories":[9],"tags":[],"_links":{"self":[{"href":"https:\/\/cvmarj.org.br\/site\/index.php\/wp-json\/wp\/v2\/posts\/2654"}],"collection":[{"href":"https:\/\/cvmarj.org.br\/site\/index.php\/wp-json\/wp\/v2\/posts"}],"about":[{"href":"https:\/\/cvmarj.org.br\/site\/index.php\/wp-json\/wp\/v2\/types\/post"}],"author":[{"embeddable":true,"href":"https:\/\/cvmarj.org.br\/site\/index.php\/wp-json\/wp\/v2\/users\/1"}],"replies":[{"embeddable":true,"href":"https:\/\/cvmarj.org.br\/site\/index.php\/wp-json\/wp\/v2\/comments?post=2654"}],"version-history":[{"count":1,"href":"https:\/\/cvmarj.org.br\/site\/index.php\/wp-json\/wp\/v2\/posts\/2654\/revisions"}],"predecessor-version":[{"id":2659,"href":"https:\/\/cvmarj.org.br\/site\/index.php\/wp-json\/wp\/v2\/posts\/2654\/revisions\/2659"}],"wp:featuredmedia":[{"embeddable":true,"href":"https:\/\/cvmarj.org.br\/site\/index.php\/wp-json\/wp\/v2\/media\/2655"}],"wp:attachment":[{"href":"https:\/\/cvmarj.org.br\/site\/index.php\/wp-json\/wp\/v2\/media?parent=2654"}],"wp:term":[{"taxonomy":"category","embeddable":true,"href":"https:\/\/cvmarj.org.br\/site\/index.php\/wp-json\/wp\/v2\/categories?post=2654"},{"taxonomy":"post_tag","embeddable":true,"href":"https:\/\/cvmarj.org.br\/site\/index.php\/wp-json\/wp\/v2\/tags?post=2654"}],"curies":[{"name":"wp","href":"https:\/\/api.w.org\/{rel}","templated":true}]}}