{"id":2660,"date":"2021-10-25T18:35:55","date_gmt":"2021-10-25T21:35:55","guid":{"rendered":"https:\/\/cvmarj.org.br\/site\/?p=2660"},"modified":"2021-10-25T18:35:57","modified_gmt":"2021-10-25T21:35:57","slug":"dia-do-quadro-de-material-belico-do-exercito-brasileiro","status":"publish","type":"post","link":"https:\/\/cvmarj.org.br\/site\/index.php\/2021\/10\/25\/dia-do-quadro-de-material-belico-do-exercito-brasileiro\/","title":{"rendered":"DIA DO QUADRO DE MATERIAL B\u00c9LICO DO EX\u00c9RCITO BRASILEIRO"},"content":{"rendered":"\n<p>Bom dia!<br>Dentro das Comemora\u00e7\u00f5es do DIA DO QUADRO DE MATERIAL B\u00c9LICO DO EX\u00c9RCITO BRASILEIRO, vemos mais uma viatura hist\u00f3rica sendo recuperada e preservada.<\/p>\n\n\n\n<p>Um Half Tracker, pertencente ao Regimento Os\u00f3rio, 3\u00b0 RCG, apresentado no 8\u00b0 Batalh\u00e3o Log\u00edstico, hoje, em Porto Alegre\/RS.<\/p>\n\n\n\n<p>A solenidade teve importante participa\u00e7\u00e3o do GPVMARS_ GRUPO DE PRESERVADORES DE VIATURAS MILITARES DO RIO GRANDE DO SUL.<\/p>\n\n\n\n<p>Importante que muitas viaturas do Ex\u00e9rcito, tem sido recuperadas dentro da vis\u00e3o do Projeto do MUSEU VIVO DE VIATURAS MILITARES _ MVVM, que precisa ser reativado.<\/p>\n","protected":false},"excerpt":{"rendered":"<p>Bom dia!Dentro das Comemora\u00e7\u00f5es do DIA DO QUADRO DE MATERIAL B\u00c9LICO DO EX\u00c9RCITO BRASILEIRO, vemos mais uma viatura hist\u00f3rica sendo recuperada e preservada. Um Half Tracker, pertencente ao Regimento Os\u00f3rio, 3\u00b0 RCG, apresentado no 8\u00b0 Batalh\u00e3o Log\u00edstico, hoje, em Porto Alegre\/RS. A solenidade teve importante participa\u00e7\u00e3o do GPVMARS_ GRUPO DE PRESERVADORES DE VIATURAS MILITARES DO&hellip;&nbsp;<a href=\"https:\/\/cvmarj.org.br\/site\/index.php\/2021\/10\/25\/dia-do-quadro-de-material-belico-do-exercito-brasileiro\/\" class=\"\" rel=\"bookmark\">Ler mais &raquo;<span class=\"screen-reader-text\">DIA DO QUADRO DE MATERIAL B\u00c9LICO DO EX\u00c9RCITO BRASILEIRO<\/span><\/a><\/p>\n","protected":false},"author":1,"featured_media":0,"comment_status":"closed","ping_status":"closed","sticky":false,"template":"","format":"standard","meta":{"neve_meta_sidebar":"","neve_meta_container":"","neve_meta_enable_content_width":"","neve_meta_content_width":0,"neve_meta_title_alignment":"","neve_meta_author_avatar":"","neve_post_elements_order":"","neve_meta_disable_header":"","neve_meta_disable_footer":"","neve_meta_disable_title":"","footnotes":""},"categories":[9],"tags":[],"_links":{"self":[{"href":"https:\/\/cvmarj.org.br\/site\/index.php\/wp-json\/wp\/v2\/posts\/2660"}],"collection":[{"href":"https:\/\/cvmarj.org.br\/site\/index.php\/wp-json\/wp\/v2\/posts"}],"about":[{"href":"https:\/\/cvmarj.org.br\/site\/index.php\/wp-json\/wp\/v2\/types\/post"}],"author":[{"embeddable":true,"href":"https:\/\/cvmarj.org.br\/site\/index.php\/wp-json\/wp\/v2\/users\/1"}],"replies":[{"embeddable":true,"href":"https:\/\/cvmarj.org.br\/site\/index.php\/wp-json\/wp\/v2\/comments?post=2660"}],"version-history":[{"count":1,"href":"https:\/\/cvmarj.org.br\/site\/index.php\/wp-json\/wp\/v2\/posts\/2660\/revisions"}],"predecessor-version":[{"id":2661,"href":"https:\/\/cvmarj.org.br\/site\/index.php\/wp-json\/wp\/v2\/posts\/2660\/revisions\/2661"}],"wp:attachment":[{"href":"https:\/\/cvmarj.org.br\/site\/index.php\/wp-json\/wp\/v2\/media?parent=2660"}],"wp:term":[{"taxonomy":"category","embeddable":true,"href":"https:\/\/cvmarj.org.br\/site\/index.php\/wp-json\/wp\/v2\/categories?post=2660"},{"taxonomy":"post_tag","embeddable":true,"href":"https:\/\/cvmarj.org.br\/site\/index.php\/wp-json\/wp\/v2\/tags?post=2660"}],"curies":[{"name":"wp","href":"https:\/\/api.w.org\/{rel}","templated":true}]}}