{"id":2662,"date":"2021-10-25T18:36:55","date_gmt":"2021-10-25T21:36:55","guid":{"rendered":"https:\/\/cvmarj.org.br\/site\/?p=2662"},"modified":"2021-10-25T18:36:57","modified_gmt":"2021-10-25T21:36:57","slug":"osorio-p2-voltando-a-rodar-depois-de-28-anos","status":"publish","type":"post","link":"https:\/\/cvmarj.org.br\/site\/index.php\/2021\/10\/25\/osorio-p2-voltando-a-rodar-depois-de-28-anos\/","title":{"rendered":"Os\u00f3rio P2 voltando a rodar depois de 28 anos\u2026"},"content":{"rendered":"\n<p>SEGUE MSG DO GRUPO DECA _ DE CAVALARIA!<br>A\u00c7O!<br>Senhores<br>Os\u00f3rio P2 voltando a rodar depois de 28 anos\u2026<br>Dia 8 de novembro ser\u00e1 comemorado 100 anos de blindados no Brasil.<br>Algumas unidades do sul receberam a miss\u00e3o de recuperar viaturas emblematicas.<br>Alegrete recebeu o Os\u00f3rio e o Furlan que est\u00e1 trabalhando aqui conosco no AGSP deu as dicas ao pessoal de l\u00e1 para botar a viatura em ordem de marcha para o desfile.<br>Precisamos de apoio para que possamos fazer um projeto brasileiro do Novo Os\u00f3rio.<br>Desistir jamais!<br>AbrA\u00c7O.<\/p>\n","protected":false},"excerpt":{"rendered":"<p>SEGUE MSG DO GRUPO DECA _ DE CAVALARIA!A\u00c7O!SenhoresOs\u00f3rio P2 voltando a rodar depois de 28 anos\u2026Dia 8 de novembro ser\u00e1 comemorado 100 anos de blindados no Brasil.Algumas unidades do sul receberam a miss\u00e3o de recuperar viaturas emblematicas.Alegrete recebeu o Os\u00f3rio e o Furlan que est\u00e1 trabalhando aqui conosco no AGSP deu as dicas ao pessoal&hellip;&nbsp;<a href=\"https:\/\/cvmarj.org.br\/site\/index.php\/2021\/10\/25\/osorio-p2-voltando-a-rodar-depois-de-28-anos\/\" class=\"\" rel=\"bookmark\">Ler mais &raquo;<span class=\"screen-reader-text\">Os\u00f3rio P2 voltando a rodar depois de 28 anos\u2026<\/span><\/a><\/p>\n","protected":false},"author":1,"featured_media":0,"comment_status":"closed","ping_status":"closed","sticky":false,"template":"","format":"standard","meta":{"neve_meta_sidebar":"","neve_meta_container":"","neve_meta_enable_content_width":"","neve_meta_content_width":0,"neve_meta_title_alignment":"","neve_meta_author_avatar":"","neve_post_elements_order":"","neve_meta_disable_header":"","neve_meta_disable_footer":"","neve_meta_disable_title":"","footnotes":""},"categories":[9],"tags":[],"_links":{"self":[{"href":"https:\/\/cvmarj.org.br\/site\/index.php\/wp-json\/wp\/v2\/posts\/2662"}],"collection":[{"href":"https:\/\/cvmarj.org.br\/site\/index.php\/wp-json\/wp\/v2\/posts"}],"about":[{"href":"https:\/\/cvmarj.org.br\/site\/index.php\/wp-json\/wp\/v2\/types\/post"}],"author":[{"embeddable":true,"href":"https:\/\/cvmarj.org.br\/site\/index.php\/wp-json\/wp\/v2\/users\/1"}],"replies":[{"embeddable":true,"href":"https:\/\/cvmarj.org.br\/site\/index.php\/wp-json\/wp\/v2\/comments?post=2662"}],"version-history":[{"count":1,"href":"https:\/\/cvmarj.org.br\/site\/index.php\/wp-json\/wp\/v2\/posts\/2662\/revisions"}],"predecessor-version":[{"id":2663,"href":"https:\/\/cvmarj.org.br\/site\/index.php\/wp-json\/wp\/v2\/posts\/2662\/revisions\/2663"}],"wp:attachment":[{"href":"https:\/\/cvmarj.org.br\/site\/index.php\/wp-json\/wp\/v2\/media?parent=2662"}],"wp:term":[{"taxonomy":"category","embeddable":true,"href":"https:\/\/cvmarj.org.br\/site\/index.php\/wp-json\/wp\/v2\/categories?post=2662"},{"taxonomy":"post_tag","embeddable":true,"href":"https:\/\/cvmarj.org.br\/site\/index.php\/wp-json\/wp\/v2\/tags?post=2662"}],"curies":[{"name":"wp","href":"https:\/\/api.w.org\/{rel}","templated":true}]}}