{"id":2688,"date":"2021-11-05T21:32:35","date_gmt":"2021-11-06T00:32:35","guid":{"rendered":"https:\/\/cvmarj.org.br\/site\/?p=2688"},"modified":"2021-11-09T16:12:37","modified_gmt":"2021-11-09T19:12:37","slug":"novembro-de-2021","status":"publish","type":"post","link":"https:\/\/cvmarj.org.br\/site\/index.php\/2021\/11\/05\/novembro-de-2021\/","title":{"rendered":"NOVEMBRO DE 2021"},"content":{"rendered":"\n<p>ATIVIDADES MENSAIS DO CVMARJ.<\/p>\n\n\n\n<p><\/p>\n\n\n\n<p>SEGUE NOSSA PREVIS\u00c3O DE ATIVIDADES DO PR\u00d3XIMO M\u00caS, ATUALIZADA EM 09\/11\/21, ESTEJAM ATENTOS.<\/p>\n\n\n\n<p>ATIVIDADES PREVISTAS:<\/p>\n\n\n\n<ul><li>13\/11\/21, S\u00c1BADO: ASSEMBLEIA GERAL EXTRAORDIN\u00c1RIA, NA SEDE DO CLUBE, \u00c0S 09:00 H.<\/li><li>17\/11\/21, QUARTA FEIRA: PASSAGEM DE COMANDO DO CURSO DE MATERIAL B\u00c9LICO DA AMAN, RESENDE, \u00c0S 17:00 H.<\/li><li>20\/11\/21, S\u00c1BADO: MANUTEN\u00c7\u00c3O DE VIATURAS E EQUIPAMENTOS.<\/li><li>21\/11\/21, DOMINGO: EXPOSI\u00c7\u00c3O NO MUSEU MILITAR CONDE DE LINHARES, EM S\u00c3O CRIST\u00d3V\u00c3O, \u00c0S 09:00 H (AGUARDA CONFIRMA\u00c7\u00c3O ).<\/li><li>25\/11\/21, QUINTA FEIRA, CONFRATERNIZA\u00c7\u00c3O DE FIM DE ANO, ANVFEB, RUA DAS MARRECAS 35, \u00c0S 15:30 H, CENTRO.<\/li><li>26\/11\/21, SEXTA FEIRA: &#8220;REUNI\u00c3O DA 3 C&#8221;, NO 15\u00b0 R C MEC, VILA MILITAR, POR ADES\u00c3O, \u00c0S 11:00 H.<\/li><li>26\/11\/21, SEXTA FEIRA, CINQUENTEN\u00c1RIO DA FORMA\u00c7\u00c3O DE PARAQUEDISTAS DO EX\u00c9RCITO BRASILEIRO, VILA MILITAR, \u00c0S 14:30 H.<\/li><\/ul>\n\n\n\n<p>QUANDO VOC\u00ca N\u00c3O VAI \u00c0 UM EVENTO DO CVMARJ, QUEM PERDE \u00c9 VOC\u00ca!<\/p>\n\n\n\n<p>A PRIORIDADE, SEMPRE \u00c9 PARA O CVMARJ!<\/p>\n\n\n\n<p>PREPAREM SUAS VIATURAS!<\/p>\n\n\n\n<p>AINDA TEREMOS MUITAS ATIVIDADES EM 2021.<\/p>\n\n\n\n<p>SOMOS CVMARJ!<\/p>\n\n\n\n<p>VAMOS EM FRENTE!<\/p>\n\n\n\n<p>AT.<\/p>\n\n\n\n<p>S\u00c9RGIO CAPELLA.<br>PRESIDENTE DO CVMARJ!<\/p>\n","protected":false},"excerpt":{"rendered":"<p>ATIVIDADES MENSAIS DO CVMARJ. SEGUE NOSSA PREVIS\u00c3O DE ATIVIDADES DO PR\u00d3XIMO M\u00caS, ATUALIZADA EM 09\/11\/21, ESTEJAM ATENTOS. ATIVIDADES PREVISTAS: 13\/11\/21, S\u00c1BADO: ASSEMBLEIA GERAL EXTRAORDIN\u00c1RIA, NA SEDE DO CLUBE, \u00c0S 09:00 H. 17\/11\/21, QUARTA FEIRA: PASSAGEM DE COMANDO DO CURSO DE MATERIAL B\u00c9LICO DA AMAN, RESENDE, \u00c0S 17:00 H. 20\/11\/21, S\u00c1BADO: MANUTEN\u00c7\u00c3O DE VIATURAS E EQUIPAMENTOS.&hellip;&nbsp;<a href=\"https:\/\/cvmarj.org.br\/site\/index.php\/2021\/11\/05\/novembro-de-2021\/\" class=\"\" rel=\"bookmark\">Ler mais &raquo;<span class=\"screen-reader-text\">NOVEMBRO DE 2021<\/span><\/a><\/p>\n","protected":false},"author":1,"featured_media":0,"comment_status":"closed","ping_status":"closed","sticky":false,"template":"","format":"standard","meta":{"neve_meta_sidebar":"","neve_meta_container":"","neve_meta_enable_content_width":"","neve_meta_content_width":0,"neve_meta_title_alignment":"","neve_meta_author_avatar":"","neve_post_elements_order":"","neve_meta_disable_header":"","neve_meta_disable_footer":"","neve_meta_disable_title":"","footnotes":""},"categories":[7],"tags":[],"_links":{"self":[{"href":"https:\/\/cvmarj.org.br\/site\/index.php\/wp-json\/wp\/v2\/posts\/2688"}],"collection":[{"href":"https:\/\/cvmarj.org.br\/site\/index.php\/wp-json\/wp\/v2\/posts"}],"about":[{"href":"https:\/\/cvmarj.org.br\/site\/index.php\/wp-json\/wp\/v2\/types\/post"}],"author":[{"embeddable":true,"href":"https:\/\/cvmarj.org.br\/site\/index.php\/wp-json\/wp\/v2\/users\/1"}],"replies":[{"embeddable":true,"href":"https:\/\/cvmarj.org.br\/site\/index.php\/wp-json\/wp\/v2\/comments?post=2688"}],"version-history":[{"count":2,"href":"https:\/\/cvmarj.org.br\/site\/index.php\/wp-json\/wp\/v2\/posts\/2688\/revisions"}],"predecessor-version":[{"id":2698,"href":"https:\/\/cvmarj.org.br\/site\/index.php\/wp-json\/wp\/v2\/posts\/2688\/revisions\/2698"}],"wp:attachment":[{"href":"https:\/\/cvmarj.org.br\/site\/index.php\/wp-json\/wp\/v2\/media?parent=2688"}],"wp:term":[{"taxonomy":"category","embeddable":true,"href":"https:\/\/cvmarj.org.br\/site\/index.php\/wp-json\/wp\/v2\/categories?post=2688"},{"taxonomy":"post_tag","embeddable":true,"href":"https:\/\/cvmarj.org.br\/site\/index.php\/wp-json\/wp\/v2\/tags?post=2688"}],"curies":[{"name":"wp","href":"https:\/\/api.w.org\/{rel}","templated":true}]}}