{"id":2715,"date":"2021-12-08T12:29:03","date_gmt":"2021-12-08T15:29:03","guid":{"rendered":"https:\/\/cvmarj.org.br\/site\/?p=2715"},"modified":"2021-12-08T12:29:05","modified_gmt":"2021-12-08T15:29:05","slug":"dezembro-2021","status":"publish","type":"post","link":"https:\/\/cvmarj.org.br\/site\/index.php\/2021\/12\/08\/dezembro-2021\/","title":{"rendered":"Dezembro 2021"},"content":{"rendered":"\n<p>ATIVIDADES MENSAIS DO CVMARJ!<\/p>\n\n\n\n<p>DEZEMBRO DE 2021.<\/p>\n\n\n\n<p>02\/12\/2021: VISITA AO REGIMENTO SAMPAIO, NA VILA MILITAR.<\/p>\n\n\n\n<p>05\/12\/2021: CONFRATERNIZA\u00c7\u00c3O DE FIM DE ANO DA UBPAQ, NO C\u00cdRCULO MILITAR DA VILA MILITAR.<\/p>\n\n\n\n<p>11\/12\/2021: CONFRATERNIZA\u00c7\u00c3O DE FIM DE ANO DO CVMARJ, EM TUBIACANGA.<\/p>\n\n\n\n<p>19\/12\/2021: ENCONTRO MENSAL DO CVMARJ, NO MUSEU MILITAR CONDE DE LINHARES, EM S\u00c3O CRIST\u00d3V\u00c3O.<\/p>\n\n\n\n<p>SOMOS CVMARJ!<\/p>\n\n\n\n<p>VAMOS EM FRENTE!<\/p>\n\n\n\n<p>FELIZ 2022!<\/p>\n\n\n\n<p>AT.<\/p>\n\n\n\n<p>S\u00c9RGIO CAPELLA.<br>PRESIDENTE DO CVMARJ!<\/p>\n","protected":false},"excerpt":{"rendered":"<p>ATIVIDADES MENSAIS DO CVMARJ! DEZEMBRO DE 2021. 02\/12\/2021: VISITA AO REGIMENTO SAMPAIO, NA VILA MILITAR. 05\/12\/2021: CONFRATERNIZA\u00c7\u00c3O DE FIM DE ANO DA UBPAQ, NO C\u00cdRCULO MILITAR DA VILA MILITAR. 11\/12\/2021: CONFRATERNIZA\u00c7\u00c3O DE FIM DE ANO DO CVMARJ, EM TUBIACANGA. 19\/12\/2021: ENCONTRO MENSAL DO CVMARJ, NO MUSEU MILITAR CONDE DE LINHARES, EM S\u00c3O CRIST\u00d3V\u00c3O. SOMOS CVMARJ!&hellip;&nbsp;<a href=\"https:\/\/cvmarj.org.br\/site\/index.php\/2021\/12\/08\/dezembro-2021\/\" class=\"\" rel=\"bookmark\">Ler mais &raquo;<span class=\"screen-reader-text\">Dezembro 2021<\/span><\/a><\/p>\n","protected":false},"author":1,"featured_media":0,"comment_status":"closed","ping_status":"closed","sticky":false,"template":"","format":"standard","meta":{"neve_meta_sidebar":"","neve_meta_container":"","neve_meta_enable_content_width":"","neve_meta_content_width":0,"neve_meta_title_alignment":"","neve_meta_author_avatar":"","neve_post_elements_order":"","neve_meta_disable_header":"","neve_meta_disable_footer":"","neve_meta_disable_title":"","footnotes":""},"categories":[7],"tags":[],"_links":{"self":[{"href":"https:\/\/cvmarj.org.br\/site\/index.php\/wp-json\/wp\/v2\/posts\/2715"}],"collection":[{"href":"https:\/\/cvmarj.org.br\/site\/index.php\/wp-json\/wp\/v2\/posts"}],"about":[{"href":"https:\/\/cvmarj.org.br\/site\/index.php\/wp-json\/wp\/v2\/types\/post"}],"author":[{"embeddable":true,"href":"https:\/\/cvmarj.org.br\/site\/index.php\/wp-json\/wp\/v2\/users\/1"}],"replies":[{"embeddable":true,"href":"https:\/\/cvmarj.org.br\/site\/index.php\/wp-json\/wp\/v2\/comments?post=2715"}],"version-history":[{"count":1,"href":"https:\/\/cvmarj.org.br\/site\/index.php\/wp-json\/wp\/v2\/posts\/2715\/revisions"}],"predecessor-version":[{"id":2716,"href":"https:\/\/cvmarj.org.br\/site\/index.php\/wp-json\/wp\/v2\/posts\/2715\/revisions\/2716"}],"wp:attachment":[{"href":"https:\/\/cvmarj.org.br\/site\/index.php\/wp-json\/wp\/v2\/media?parent=2715"}],"wp:term":[{"taxonomy":"category","embeddable":true,"href":"https:\/\/cvmarj.org.br\/site\/index.php\/wp-json\/wp\/v2\/categories?post=2715"},{"taxonomy":"post_tag","embeddable":true,"href":"https:\/\/cvmarj.org.br\/site\/index.php\/wp-json\/wp\/v2\/tags?post=2715"}],"curies":[{"name":"wp","href":"https:\/\/api.w.org\/{rel}","templated":true}]}}