{"id":2724,"date":"2021-12-10T11:38:11","date_gmt":"2021-12-10T14:38:11","guid":{"rendered":"https:\/\/cvmarj.org.br\/site\/?p=2724"},"modified":"2021-12-30T15:44:09","modified_gmt":"2021-12-30T18:44:09","slug":"aniversariantes-dezembro","status":"publish","type":"post","link":"https:\/\/cvmarj.org.br\/site\/index.php\/2021\/12\/10\/aniversariantes-dezembro\/","title":{"rendered":"Aniversariantes Dezembro"},"content":{"rendered":"\n<p>Bom dia, S\u00f3cios do CVMARJ!<\/p>\n\n\n\n<p>\u00c9 com grande satisfa\u00e7\u00e3o, orgulho e alegria que anuncio que hoje, 30 de dezembro de 2021, \u00e9 o dia do anivers\u00e1rio do amigo, F\u00c1BIO BARRETO VIANA DE ANDREA FIGUEIREDO, com o n\u00b0 142, morador na bela cidade do Rio de Janeiro, sempre que pode, participa dos nossos in\u00fameros eventos.<\/p>\n\n\n\n<p>Nosso aniversariante, \u00e9 grande entusiasta da hist\u00f3ria da participa\u00e7\u00e3o do Brasil, na II GM, e das VTRS do CVMARJ.<\/p>\n\n\n\n<p>Possui 2 viaturas militares antigas, verdes, em excelentes condi\u00e7\u00f5es.<\/p>\n\n\n\n<p>Sempre que pode, participa ativamente das atividades do Clube, exemplo de dedica\u00e7\u00e3o e carinho com o CVMARJ.<\/p>\n\n\n\n<p>Apoia as Associa\u00e7\u00f5es de Veteranos da FEB, em solenidades, eventos c\u00edvicos e encena\u00e7\u00f5es.<\/p>\n\n\n\n<p>Pessoa tranquila, atenciosa e amiga, sempre disposta a ajudar os demais S\u00f3cios.<\/p>\n\n\n\n<p>Infelizmente n\u00e3o podemos lhe abra\u00e7ar pessoalmente, mas em breve, se Deus permitir, faremos isso, com certeza.<\/p>\n\n\n\n<p>Amigo, tenha um excelente dia, cuide se bem, seus familiares e amigos precisam muito de voc\u00ea, divulgando o CVMARJ, e seus eventos.<\/p>\n\n\n\n<p>CVMARJ 2022 _ 20 FAZENDO HIST\u00d3RIA.<\/p>\n\n\n\n<p>VAMOS EM FRENTE!<\/p>\n\n\n\n<p>SOMOS CVMARJ!<\/p>\n\n\n\n<p><strong>10\/12 \u2013 Humberto Cordeiro Lima Junior ( S\u00f3cio Fundador)<\/strong><br><strong>11\/12 \u2013 Sefferson Steindorff<\/strong><br><strong>16\/12 \u2013 Daniel Mata Roque<br>17\/12 \u2013 Jos\u00e9 Delatorre de Oliveira<br>20\/12 \u2013 Lob\u00e9lia Dias de Mello<br>30\/12 \u2013 F\u00e1bio Barreto Viana de Andrea Figueredo<\/strong><\/p>\n","protected":false},"excerpt":{"rendered":"<p>Bom dia, S\u00f3cios do CVMARJ! \u00c9 com grande satisfa\u00e7\u00e3o, orgulho e alegria que anuncio que hoje, 30 de dezembro de 2021, \u00e9 o dia do anivers\u00e1rio do amigo, F\u00c1BIO BARRETO VIANA DE ANDREA FIGUEIREDO, com o n\u00b0 142, morador na bela cidade do Rio de Janeiro, sempre que pode, participa dos nossos in\u00fameros eventos. Nosso&hellip;&nbsp;<a href=\"https:\/\/cvmarj.org.br\/site\/index.php\/2021\/12\/10\/aniversariantes-dezembro\/\" class=\"\" rel=\"bookmark\">Ler mais &raquo;<span class=\"screen-reader-text\">Aniversariantes Dezembro<\/span><\/a><\/p>\n","protected":false},"author":1,"featured_media":0,"comment_status":"closed","ping_status":"closed","sticky":false,"template":"","format":"standard","meta":{"neve_meta_sidebar":"","neve_meta_container":"","neve_meta_enable_content_width":"","neve_meta_content_width":0,"neve_meta_title_alignment":"","neve_meta_author_avatar":"","neve_post_elements_order":"","neve_meta_disable_header":"","neve_meta_disable_footer":"","neve_meta_disable_title":"","footnotes":""},"categories":[14],"tags":[],"_links":{"self":[{"href":"https:\/\/cvmarj.org.br\/site\/index.php\/wp-json\/wp\/v2\/posts\/2724"}],"collection":[{"href":"https:\/\/cvmarj.org.br\/site\/index.php\/wp-json\/wp\/v2\/posts"}],"about":[{"href":"https:\/\/cvmarj.org.br\/site\/index.php\/wp-json\/wp\/v2\/types\/post"}],"author":[{"embeddable":true,"href":"https:\/\/cvmarj.org.br\/site\/index.php\/wp-json\/wp\/v2\/users\/1"}],"replies":[{"embeddable":true,"href":"https:\/\/cvmarj.org.br\/site\/index.php\/wp-json\/wp\/v2\/comments?post=2724"}],"version-history":[{"count":2,"href":"https:\/\/cvmarj.org.br\/site\/index.php\/wp-json\/wp\/v2\/posts\/2724\/revisions"}],"predecessor-version":[{"id":2775,"href":"https:\/\/cvmarj.org.br\/site\/index.php\/wp-json\/wp\/v2\/posts\/2724\/revisions\/2775"}],"wp:attachment":[{"href":"https:\/\/cvmarj.org.br\/site\/index.php\/wp-json\/wp\/v2\/media?parent=2724"}],"wp:term":[{"taxonomy":"category","embeddable":true,"href":"https:\/\/cvmarj.org.br\/site\/index.php\/wp-json\/wp\/v2\/categories?post=2724"},{"taxonomy":"post_tag","embeddable":true,"href":"https:\/\/cvmarj.org.br\/site\/index.php\/wp-json\/wp\/v2\/tags?post=2724"}],"curies":[{"name":"wp","href":"https:\/\/api.w.org\/{rel}","templated":true}]}}