{"id":2772,"date":"2021-12-30T15:42:47","date_gmt":"2021-12-30T18:42:47","guid":{"rendered":"https:\/\/cvmarj.org.br\/site\/?p=2772"},"modified":"2021-12-30T15:42:49","modified_gmt":"2021-12-30T18:42:49","slug":"retrospectiva-2021","status":"publish","type":"post","link":"https:\/\/cvmarj.org.br\/site\/index.php\/2021\/12\/30\/retrospectiva-2021\/","title":{"rendered":"Retrospectiva &#8211; 2021"},"content":{"rendered":"\n<p>Bom dia, amigos.<\/p>\n\n\n\n<p>Chegando o fim de 2021, mesmo com todas as dificuldades causadas pela pandemia, fizemos muito.<\/p>\n\n\n\n<p>O CVMARJ, n\u00e3o parou, realizando eventos c\u00edvicos e militares, mostrando tida operacionalidade e dedica\u00e7\u00e3o,<br>dos nossos S\u00f3cios.<\/p>\n\n\n\n<p>Desenvolvemos novos projetos, atualizamos o estatuto do Clube, estamos fechando a parceria com a RIOGALE\u00c3O,<br>para uso da \u00e1rea do &#8220;SAR 28&#8221;, em Tubiacanga, como sede do Clube.<\/p>\n\n\n\n<p>Assinamos com o FORTE DE COPACABANA, um protocolo de inten\u00e7\u00f5es que nos permitiu voltar a usar o<br>MUSEU MILITAR CONDE DE LINHARES, em todos os terceiros domingos de cada m\u00eas.<\/p>\n\n\n\n<p>Estamos desenvolvendo com o DECEX e DPHCEX, projetos de preserva\u00e7\u00e3o de viaturas hist\u00f3ricas do EX\u00c9RCITO.<\/p>\n\n\n\n<p>Realizamos in\u00fameros eventos:<\/p>\n\n\n\n<ul><li>EXPOSI\u00c7\u00c3O NO C\u00cdRCULO MILITAR DA VILA MILITAR.<\/li><li>COLUNA<br>DA VITORIA 2021.<\/li><li>VISITA \u00c0 AMAN.<\/li><li>VISITA AO MUSAL.<\/li><li>VISITA AO MUSEU DOS BOMBEIROS DO RIO DE JANEIRO.<\/li><li>PASSEIO EM NITER\u00d3I.<\/li><li>FESTA DE ANIVERS\u00c1RIO DO CLUBE.<\/li><li>FESTA DE FIM DE<br>ANO.<\/li><\/ul>\n\n\n\n<p>Realizamos v\u00e1rias reuni\u00f5es e comemora\u00e7\u00f5es da Diretoria e Conselho Eleitos, e congra\u00e7amento de S\u00f3cios, Familiares e Amigos.<\/p>\n\n\n\n<p>Realizamos a &#8220;ASSEMBL\u00c9IA GERAL EXTRAORDIN\u00c1RIA&#8221;, em 13 de novembro de 2021, onde todas as contas da gest\u00e3o atual, foram aprovadas por unanimidade pelos presentes.<\/p>\n\n\n\n<p>Temos previs\u00e3o de 15 novos &#8220;S\u00d3CIOS CONTRIBUINTES EM 2022&#8221;.<\/p>\n\n\n\n<p>Ainda temos 8 S\u00d3CIOS, com pend\u00eancias de suas anuidades junto ao Clube.<br>Suas contribui\u00e7\u00f5es, assim como de todos os &#8220;S\u00d3CIOS CONTRIBUINTES&#8221;, s\u00e3o fundamentais para o equil\u00edbrio das contas e gest\u00e3o do CVMARJ.<\/p>\n\n\n\n<p>Em janeiro de 2022, j\u00e1 estaremos divulgando o &#8220;novo processo de pagamento das anuidades do Clube&#8221;.<\/p>\n\n\n\n<p>Recebemos a informa\u00e7\u00e3o da FBVA, do retorno da cor preta, na placa de colecionadoresde ve\u00edculos antigos, lembrando que somos o \u00fanico CLUBE DE VIATURAS MILITARES ANTIGAS, do Brasil, a realizar inspe\u00e7\u00f5es t\u00e9cnicas em viaturas desse tipo, exclusivamente, para os &#8220;S\u00d3CIOS DO CLUBE&#8221;.<\/p>\n\n\n\n<p>O site oficial do CVMARJ, www.cvmarj.org.br, ativado em fevereiro de 2021, j\u00e1 atingiu mais de 21.500 acessos.<\/p>\n\n\n\n<p>Atuamos em mais de 11 redes sociais.<\/p>\n\n\n\n<p>Resgatamos a hist\u00f3ria de 4 amigos que ajudaram na funda\u00e7\u00e3o do CVMARJ, outorgando-lhes o t\u00edtulo de &#8220;S\u00d3CIOS REMIDOS&#8221;.<\/p>\n\n\n\n<p>Aprovamos na &#8220;AGE&#8221; de novembro, a cria\u00e7\u00e3o do quadro de &#8220;S\u00d3CIOS HONOR\u00c1RIOS&#8221;.<\/p>\n\n\n\n<p>Resgatamos uma das mais belas e espetaculares a\u00e7\u00f5es que uma entidade sem fins lucrativos, pode realizar, quando um grupo de &#8220;S\u00f3cios e amigos do CVMARJ&#8221;, resolveu participar de uma &#8220;A\u00c7\u00c3O VOLUNT\u00c1RIA, ENTRE AMIGOS&#8221;, que comprou, restaurou, transformou e mil\u00edtarizou, uma motocicleta HONDA CB 450, e durante a Festa de Fim de Ano, e a presenteou ao Conselheiro Carlos Dias, antigo Motociclista Batedor, do 1\u00b0 BG.<\/p>\n\n\n\n<p>Criamos a MEDALHA DO CVMARJ, que ser\u00e1 outorgada \u00e0 pessoas ou institui\u00e7\u00f5es que tenham contribu\u00eddo com<br>suas a\u00e7\u00f5es em benef\u00edcios para o Clube.<\/p>\n\n\n\n<p>Em 16 janeiro de 2022, domingo, estaremos ativando o &#8220;PELOT\u00c3O \u00c1GUIA&#8221;, que vai reunir as motocicletas militares do CVMARJ, e outras, durante nossa &#8220;REUNI\u00c3O MENSAL NO MUSEU CONDE DE LINHARES&#8221;, \u00e0s 11:00 h.<\/p>\n\n\n\n<p>CVMARJ 2022_ 20 ANOS FAZENDO HIST\u00d3RIA!<\/p>\n\n\n\n<p>SOMOS CVMARJ!<\/p>\n\n\n\n<p>VAMOS EM FRENTE!<\/p>\n\n\n\n<p>At.<\/p>\n\n\n\n<p>S\u00e9rgio Capella.<br>Presidente do CVMARJ.<\/p>\n","protected":false},"excerpt":{"rendered":"<p>Bom dia, amigos. Chegando o fim de 2021, mesmo com todas as dificuldades causadas pela pandemia, fizemos muito. O CVMARJ, n\u00e3o parou, realizando eventos c\u00edvicos e militares, mostrando tida operacionalidade e dedica\u00e7\u00e3o,dos nossos S\u00f3cios. Desenvolvemos novos projetos, atualizamos o estatuto do Clube, estamos fechando a parceria com a RIOGALE\u00c3O,para uso da \u00e1rea do &#8220;SAR 28&#8221;,&hellip;&nbsp;<a href=\"https:\/\/cvmarj.org.br\/site\/index.php\/2021\/12\/30\/retrospectiva-2021\/\" class=\"\" rel=\"bookmark\">Ler mais &raquo;<span class=\"screen-reader-text\">Retrospectiva &#8211; 2021<\/span><\/a><\/p>\n","protected":false},"author":1,"featured_media":2773,"comment_status":"closed","ping_status":"closed","sticky":false,"template":"","format":"standard","meta":{"neve_meta_sidebar":"","neve_meta_container":"","neve_meta_enable_content_width":"","neve_meta_content_width":0,"neve_meta_title_alignment":"","neve_meta_author_avatar":"","neve_post_elements_order":"","neve_meta_disable_header":"","neve_meta_disable_footer":"","neve_meta_disable_title":"","footnotes":""},"categories":[9],"tags":[],"_links":{"self":[{"href":"https:\/\/cvmarj.org.br\/site\/index.php\/wp-json\/wp\/v2\/posts\/2772"}],"collection":[{"href":"https:\/\/cvmarj.org.br\/site\/index.php\/wp-json\/wp\/v2\/posts"}],"about":[{"href":"https:\/\/cvmarj.org.br\/site\/index.php\/wp-json\/wp\/v2\/types\/post"}],"author":[{"embeddable":true,"href":"https:\/\/cvmarj.org.br\/site\/index.php\/wp-json\/wp\/v2\/users\/1"}],"replies":[{"embeddable":true,"href":"https:\/\/cvmarj.org.br\/site\/index.php\/wp-json\/wp\/v2\/comments?post=2772"}],"version-history":[{"count":1,"href":"https:\/\/cvmarj.org.br\/site\/index.php\/wp-json\/wp\/v2\/posts\/2772\/revisions"}],"predecessor-version":[{"id":2774,"href":"https:\/\/cvmarj.org.br\/site\/index.php\/wp-json\/wp\/v2\/posts\/2772\/revisions\/2774"}],"wp:featuredmedia":[{"embeddable":true,"href":"https:\/\/cvmarj.org.br\/site\/index.php\/wp-json\/wp\/v2\/media\/2773"}],"wp:attachment":[{"href":"https:\/\/cvmarj.org.br\/site\/index.php\/wp-json\/wp\/v2\/media?parent=2772"}],"wp:term":[{"taxonomy":"category","embeddable":true,"href":"https:\/\/cvmarj.org.br\/site\/index.php\/wp-json\/wp\/v2\/categories?post=2772"},{"taxonomy":"post_tag","embeddable":true,"href":"https:\/\/cvmarj.org.br\/site\/index.php\/wp-json\/wp\/v2\/tags?post=2772"}],"curies":[{"name":"wp","href":"https:\/\/api.w.org\/{rel}","templated":true}]}}