{"id":2776,"date":"2021-12-31T13:13:05","date_gmt":"2021-12-31T16:13:05","guid":{"rendered":"https:\/\/cvmarj.org.br\/site\/?p=2776"},"modified":"2021-12-31T13:13:58","modified_gmt":"2021-12-31T16:13:58","slug":"2776","status":"publish","type":"post","link":"https:\/\/cvmarj.org.br\/site\/index.php\/2021\/12\/31\/2776\/","title":{"rendered":"Assista esse v\u00eddeo!"},"content":{"rendered":"\n<p><\/p>\n\n\n\n<p>Bom dia!<\/p>\n\n\n\n<p>Pensei que o dever estava cumprido em 2021, mas a\u00ed recebo esse v\u00eddeo\u2026<\/p>\n\n\n\n<p>Vivemos momentos de paz, alegria, perseveran\u00e7a, resili\u00eancia, esperan\u00e7a e f\u00e9 em um mundo melhor para todos n\u00f3s.<\/p>\n\n\n\n<p>Vendo esse v\u00eddeo, senti meus olhos lacrimejando, de alegria e saudade de tudo o qu\u00ea passamos.<\/p>\n\n\n\n<p>Vimos amigos que j\u00e1 n\u00e3o est\u00e3o mais entre n\u00f3s.<\/p>\n\n\n\n<p>Oramos para que todos que aqui ainda est\u00e3o, que possam seguir em frente conosco\u2026<\/p>\n\n\n\n<p>Obrigado Senhor Deus por tudo que nos permitiu fazer.<\/p>\n\n\n\n<p>VAMOS EM FRENTE!<\/p>\n\n\n\n<p>SOMOS CVMARJ!<\/p>\n\n\n\n<p>A COBRA CONTINUA FUMANDO!<\/p>\n\n\n\n<p>CVMARJ 2022 _ 20 ANOS FAZENDO HIST\u00d3RIA.<\/p>\n\n\n\n<p>At.<\/p>\n\n\n\n<p>S\u00e9rgio Capella.<br>Presidente do CVMARJ.<\/p>\n\n\n\n<figure class=\"wp-block-embed is-type-video is-provider-youtube wp-block-embed-youtube wp-embed-aspect-16-9 wp-has-aspect-ratio\"><div class=\"wp-block-embed__wrapper\">\n<div class=\"nv-iframe-embed\"><iframe title=\"CVMARJ 2022 (20 ANOS FAZENDO HIST\u00d3RIA)!\" width=\"1200\" height=\"675\" src=\"https:\/\/www.youtube.com\/embed\/PFmd2Oqy1_4?feature=oembed\" frameborder=\"0\" allow=\"accelerometer; autoplay; clipboard-write; encrypted-media; gyroscope; picture-in-picture\" allowfullscreen><\/iframe><\/div>\n<\/div><\/figure>\n","protected":false},"excerpt":{"rendered":"<p>Bom dia! Pensei que o dever estava cumprido em 2021, mas a\u00ed recebo esse v\u00eddeo\u2026 Vivemos momentos de paz, alegria, perseveran\u00e7a, resili\u00eancia, esperan\u00e7a e f\u00e9 em um mundo melhor para todos n\u00f3s. Vendo esse v\u00eddeo, senti meus olhos lacrimejando, de alegria e saudade de tudo o qu\u00ea passamos. Vimos amigos que j\u00e1 n\u00e3o est\u00e3o mais&hellip;&nbsp;<a href=\"https:\/\/cvmarj.org.br\/site\/index.php\/2021\/12\/31\/2776\/\" class=\"\" rel=\"bookmark\">Ler mais &raquo;<span class=\"screen-reader-text\">Assista esse v\u00eddeo!<\/span><\/a><\/p>\n","protected":false},"author":1,"featured_media":2777,"comment_status":"closed","ping_status":"closed","sticky":false,"template":"","format":"standard","meta":{"neve_meta_sidebar":"","neve_meta_container":"","neve_meta_enable_content_width":"","neve_meta_content_width":0,"neve_meta_title_alignment":"","neve_meta_author_avatar":"","neve_post_elements_order":"","neve_meta_disable_header":"","neve_meta_disable_footer":"","neve_meta_disable_title":"","footnotes":""},"categories":[9],"tags":[],"_links":{"self":[{"href":"https:\/\/cvmarj.org.br\/site\/index.php\/wp-json\/wp\/v2\/posts\/2776"}],"collection":[{"href":"https:\/\/cvmarj.org.br\/site\/index.php\/wp-json\/wp\/v2\/posts"}],"about":[{"href":"https:\/\/cvmarj.org.br\/site\/index.php\/wp-json\/wp\/v2\/types\/post"}],"author":[{"embeddable":true,"href":"https:\/\/cvmarj.org.br\/site\/index.php\/wp-json\/wp\/v2\/users\/1"}],"replies":[{"embeddable":true,"href":"https:\/\/cvmarj.org.br\/site\/index.php\/wp-json\/wp\/v2\/comments?post=2776"}],"version-history":[{"count":2,"href":"https:\/\/cvmarj.org.br\/site\/index.php\/wp-json\/wp\/v2\/posts\/2776\/revisions"}],"predecessor-version":[{"id":2780,"href":"https:\/\/cvmarj.org.br\/site\/index.php\/wp-json\/wp\/v2\/posts\/2776\/revisions\/2780"}],"wp:featuredmedia":[{"embeddable":true,"href":"https:\/\/cvmarj.org.br\/site\/index.php\/wp-json\/wp\/v2\/media\/2777"}],"wp:attachment":[{"href":"https:\/\/cvmarj.org.br\/site\/index.php\/wp-json\/wp\/v2\/media?parent=2776"}],"wp:term":[{"taxonomy":"category","embeddable":true,"href":"https:\/\/cvmarj.org.br\/site\/index.php\/wp-json\/wp\/v2\/categories?post=2776"},{"taxonomy":"post_tag","embeddable":true,"href":"https:\/\/cvmarj.org.br\/site\/index.php\/wp-json\/wp\/v2\/tags?post=2776"}],"curies":[{"name":"wp","href":"https:\/\/api.w.org\/{rel}","templated":true}]}}