{"id":2785,"date":"2022-01-04T11:27:13","date_gmt":"2022-01-04T14:27:13","guid":{"rendered":"https:\/\/cvmarj.org.br\/site\/?p=2785"},"modified":"2022-01-04T11:27:15","modified_gmt":"2022-01-04T14:27:15","slug":"estatuto-atualizado-do-cvmarj","status":"publish","type":"post","link":"https:\/\/cvmarj.org.br\/site\/index.php\/2022\/01\/04\/estatuto-atualizado-do-cvmarj\/","title":{"rendered":"ESTATUTO ATUALIZADO do CVMARJ"},"content":{"rendered":"\n<p>Essa semana o Diretor Secret\u00e1rio, Edson Vargas, dar\u00e1 entrada no cart\u00f3rio, para a regulariza\u00e7\u00e3o da ATA e do ESTATUTO ATUALIZADO do CVMARJ, elaborados na AGE de 13 de novembro de 2021.<\/p>\n\n\n\n<p>A demora da entrega dessa documenta\u00e7\u00e3o ao cart\u00f3rio, deve se a problemas de ordem financeira, administrativa a das cemora\u00e7\u00f5es de fim de ano.<\/p>\n\n\n\n<p>Os S\u00f3cios que queiram receber c\u00f3pias desses documentos, devem me requisitar pelo ZAP, mandando seu e-mail atualizado.<\/p>\n\n\n\n<p>Teremos sempre uma via dos documentos na nossa sede em Tubiacanga, para consulta.<\/p>\n\n\n\n<p>Esses documentos cont\u00e9m informa\u00e7\u00f5es sigilozas, s\u00e3o de foro reservado aos S\u00f3cio do CVMARJ, n\u00e3o devendo ser divulgado em m\u00eddias ou redes sociais.<\/p>\n\n\n\n<p>At.<\/p>\n\n\n\n<p>S\u00e9rgio Capella.<br>Presidente do CVMARJ.<\/p>\n","protected":false},"excerpt":{"rendered":"<p>Essa semana o Diretor Secret\u00e1rio, Edson Vargas, dar\u00e1 entrada no cart\u00f3rio, para a regulariza\u00e7\u00e3o da ATA e do ESTATUTO ATUALIZADO do CVMARJ, elaborados na AGE de 13 de novembro de 2021. A demora da entrega dessa documenta\u00e7\u00e3o ao cart\u00f3rio, deve se a problemas de ordem financeira, administrativa a das cemora\u00e7\u00f5es de fim de ano. Os&hellip;&nbsp;<a href=\"https:\/\/cvmarj.org.br\/site\/index.php\/2022\/01\/04\/estatuto-atualizado-do-cvmarj\/\" class=\"\" rel=\"bookmark\">Ler mais &raquo;<span class=\"screen-reader-text\">ESTATUTO ATUALIZADO do CVMARJ<\/span><\/a><\/p>\n","protected":false},"author":1,"featured_media":0,"comment_status":"closed","ping_status":"closed","sticky":false,"template":"","format":"standard","meta":{"neve_meta_sidebar":"","neve_meta_container":"","neve_meta_enable_content_width":"","neve_meta_content_width":0,"neve_meta_title_alignment":"","neve_meta_author_avatar":"","neve_post_elements_order":"","neve_meta_disable_header":"","neve_meta_disable_footer":"","neve_meta_disable_title":"","footnotes":""},"categories":[9],"tags":[],"_links":{"self":[{"href":"https:\/\/cvmarj.org.br\/site\/index.php\/wp-json\/wp\/v2\/posts\/2785"}],"collection":[{"href":"https:\/\/cvmarj.org.br\/site\/index.php\/wp-json\/wp\/v2\/posts"}],"about":[{"href":"https:\/\/cvmarj.org.br\/site\/index.php\/wp-json\/wp\/v2\/types\/post"}],"author":[{"embeddable":true,"href":"https:\/\/cvmarj.org.br\/site\/index.php\/wp-json\/wp\/v2\/users\/1"}],"replies":[{"embeddable":true,"href":"https:\/\/cvmarj.org.br\/site\/index.php\/wp-json\/wp\/v2\/comments?post=2785"}],"version-history":[{"count":1,"href":"https:\/\/cvmarj.org.br\/site\/index.php\/wp-json\/wp\/v2\/posts\/2785\/revisions"}],"predecessor-version":[{"id":2786,"href":"https:\/\/cvmarj.org.br\/site\/index.php\/wp-json\/wp\/v2\/posts\/2785\/revisions\/2786"}],"wp:attachment":[{"href":"https:\/\/cvmarj.org.br\/site\/index.php\/wp-json\/wp\/v2\/media?parent=2785"}],"wp:term":[{"taxonomy":"category","embeddable":true,"href":"https:\/\/cvmarj.org.br\/site\/index.php\/wp-json\/wp\/v2\/categories?post=2785"},{"taxonomy":"post_tag","embeddable":true,"href":"https:\/\/cvmarj.org.br\/site\/index.php\/wp-json\/wp\/v2\/tags?post=2785"}],"curies":[{"name":"wp","href":"https:\/\/api.w.org\/{rel}","templated":true}]}}