{"id":2793,"date":"2022-01-06T22:04:20","date_gmt":"2022-01-07T01:04:20","guid":{"rendered":"https:\/\/cvmarj.org.br\/site\/?p=2793"},"modified":"2022-01-06T22:04:21","modified_gmt":"2022-01-07T01:04:21","slug":"estatuto-atualizado-do-cvmarj-2","status":"publish","type":"post","link":"https:\/\/cvmarj.org.br\/site\/index.php\/2022\/01\/06\/estatuto-atualizado-do-cvmarj-2\/","title":{"rendered":"ESTATUTO ATUALIZADO, do CVMARJ"},"content":{"rendered":"\n<p>INFORMA\u00c7\u00d5ES GERAIS.<\/p>\n\n\n\n<p>Hoje demos entrada no cart\u00f3rio para registro da ATA da AGE de 13 de novembro de 2021, e do ESTATUTO ATUALIZADO, do CVMARJ, aprovado na mesma data.<\/p>\n\n\n\n<p>J\u00e1 solicitei ao Diretor Secret\u00e1rio, que divulgue os dois documentos, atendendo ao pedido de cada associado interessado, me mandando seu e-mail atualizado.<br>Lembramos que s\u00e3o documentos que devem ser mantidos, dentro dos nossos controles.<\/p>\n\n\n\n<p>A passagem de Comando do 21\u00b0 GAC, no dia 17\/01\/2022, n\u00e3o ter\u00e1 representa\u00e7\u00e3o do CVMARJ, em virtude da nova onda da pandemia que estamos vivendo.<\/p>\n\n\n\n<p>Estamos recebendo os primeiros dep\u00f3sitos das anuidades de 2022, pedimos aos amigos que puderem realizar suas contribui\u00e7\u00f5es, que as realizem.<\/p>\n\n\n\n<p>Dia 08\/01\/2022, temos a primeira atividade do ano do CVMARJ, no encontro do VETERAN, na Barra da Tijuca.<\/p>\n\n\n\n<p>Vamos preparar nossas vtrs, teremos muitos eventos em 2022.<\/p>\n\n\n\n<p>At.<\/p>\n\n\n\n<p>S\u00e9rgio Capella.<br>CVMARJ.<br><\/p>\n\n\n\n<figure class=\"wp-block-image size-full\"><img fetchpriority=\"high\" decoding=\"async\" width=\"652\" height=\"906\" src=\"https:\/\/cvmarj.org.br\/site\/wp-content\/uploads\/2022\/01\/9ceface2-a6a3-4c74-baba-83091705ce46.jpg\" alt=\"\" class=\"wp-image-2795\" srcset=\"https:\/\/cvmarj.org.br\/site\/wp-content\/uploads\/2022\/01\/9ceface2-a6a3-4c74-baba-83091705ce46.jpg 652w, https:\/\/cvmarj.org.br\/site\/wp-content\/uploads\/2022\/01\/9ceface2-a6a3-4c74-baba-83091705ce46-216x300.jpg 216w\" sizes=\"(max-width: 652px) 100vw, 652px\" \/><\/figure>\n","protected":false},"excerpt":{"rendered":"<p>INFORMA\u00c7\u00d5ES GERAIS. Hoje demos entrada no cart\u00f3rio para registro da ATA da AGE de 13 de novembro de 2021, e do ESTATUTO ATUALIZADO, do CVMARJ, aprovado na mesma data. J\u00e1 solicitei ao Diretor Secret\u00e1rio, que divulgue os dois documentos, atendendo ao pedido de cada associado interessado, me mandando seu e-mail atualizado.Lembramos que s\u00e3o documentos que&hellip;&nbsp;<a href=\"https:\/\/cvmarj.org.br\/site\/index.php\/2022\/01\/06\/estatuto-atualizado-do-cvmarj-2\/\" class=\"\" rel=\"bookmark\">Ler mais &raquo;<span class=\"screen-reader-text\">ESTATUTO ATUALIZADO, do CVMARJ<\/span><\/a><\/p>\n","protected":false},"author":1,"featured_media":2794,"comment_status":"closed","ping_status":"closed","sticky":false,"template":"","format":"standard","meta":{"neve_meta_sidebar":"","neve_meta_container":"","neve_meta_enable_content_width":"","neve_meta_content_width":0,"neve_meta_title_alignment":"","neve_meta_author_avatar":"","neve_post_elements_order":"","neve_meta_disable_header":"","neve_meta_disable_footer":"","neve_meta_disable_title":"","footnotes":""},"categories":[9],"tags":[],"_links":{"self":[{"href":"https:\/\/cvmarj.org.br\/site\/index.php\/wp-json\/wp\/v2\/posts\/2793"}],"collection":[{"href":"https:\/\/cvmarj.org.br\/site\/index.php\/wp-json\/wp\/v2\/posts"}],"about":[{"href":"https:\/\/cvmarj.org.br\/site\/index.php\/wp-json\/wp\/v2\/types\/post"}],"author":[{"embeddable":true,"href":"https:\/\/cvmarj.org.br\/site\/index.php\/wp-json\/wp\/v2\/users\/1"}],"replies":[{"embeddable":true,"href":"https:\/\/cvmarj.org.br\/site\/index.php\/wp-json\/wp\/v2\/comments?post=2793"}],"version-history":[{"count":1,"href":"https:\/\/cvmarj.org.br\/site\/index.php\/wp-json\/wp\/v2\/posts\/2793\/revisions"}],"predecessor-version":[{"id":2796,"href":"https:\/\/cvmarj.org.br\/site\/index.php\/wp-json\/wp\/v2\/posts\/2793\/revisions\/2796"}],"wp:featuredmedia":[{"embeddable":true,"href":"https:\/\/cvmarj.org.br\/site\/index.php\/wp-json\/wp\/v2\/media\/2794"}],"wp:attachment":[{"href":"https:\/\/cvmarj.org.br\/site\/index.php\/wp-json\/wp\/v2\/media?parent=2793"}],"wp:term":[{"taxonomy":"category","embeddable":true,"href":"https:\/\/cvmarj.org.br\/site\/index.php\/wp-json\/wp\/v2\/categories?post=2793"},{"taxonomy":"post_tag","embeddable":true,"href":"https:\/\/cvmarj.org.br\/site\/index.php\/wp-json\/wp\/v2\/tags?post=2793"}],"curies":[{"name":"wp","href":"https:\/\/api.w.org\/{rel}","templated":true}]}}