{"id":2809,"date":"2022-01-09T19:36:54","date_gmt":"2022-01-09T22:36:54","guid":{"rendered":"https:\/\/cvmarj.org.br\/site\/?p=2809"},"modified":"2022-01-09T19:36:56","modified_gmt":"2022-01-09T22:36:56","slug":"documento-de-apresentacao-do-cvmarj","status":"publish","type":"post","link":"https:\/\/cvmarj.org.br\/site\/index.php\/2022\/01\/09\/documento-de-apresentacao-do-cvmarj\/","title":{"rendered":"Documento de apresenta\u00e7\u00e3o do CVMARJ"},"content":{"rendered":"\n<p>Segue o documento de apresenta\u00e7\u00e3o do CVMARJ, atualizado, para conhecimento geral e provid\u00eancias.<\/p>\n\n\n\n<p>Esse documento deve ser divulgado nas nossas redes sociais, ser enviado aos S\u00f3cios, amigos, parceiros e entidades civis e militares que temos rela\u00e7\u00f5es.<\/p>\n\n\n\n<p>Serve tamb\u00e9m como refer\u00eancia em novas informa\u00e7\u00f5es sobre, projetos e processos futuros.<\/p>\n\n\n\n<p>CVMARJ 2022 _ 20 ANOS FAZENDO HIST\u00d3RIA.<\/p>\n\n\n\n<p>SOMOS CVMARJ!<\/p>\n\n\n\n<p>VAMOS EM FRENTE!<\/p>\n\n\n\n<p>At.<\/p>\n\n\n\n<p>S\u00e9rgio Capella.<br>Presidente do CVMARJ.<\/p>\n\n\n\n<figure class=\"wp-block-image size-large\"><img fetchpriority=\"high\" decoding=\"async\" width=\"744\" height=\"1024\" src=\"http:\/\/cvmarj.org.br\/site\/wp-content\/uploads\/2022\/01\/06ad0555-d799-494b-a5ba-d7455197e921-744x1024.jpg\" alt=\"\" class=\"wp-image-2805\" srcset=\"https:\/\/cvmarj.org.br\/site\/wp-content\/uploads\/2022\/01\/06ad0555-d799-494b-a5ba-d7455197e921-744x1024.jpg 744w, https:\/\/cvmarj.org.br\/site\/wp-content\/uploads\/2022\/01\/06ad0555-d799-494b-a5ba-d7455197e921-218x300.jpg 218w, https:\/\/cvmarj.org.br\/site\/wp-content\/uploads\/2022\/01\/06ad0555-d799-494b-a5ba-d7455197e921-768x1057.jpg 768w, https:\/\/cvmarj.org.br\/site\/wp-content\/uploads\/2022\/01\/06ad0555-d799-494b-a5ba-d7455197e921-1116x1536.jpg 1116w, https:\/\/cvmarj.org.br\/site\/wp-content\/uploads\/2022\/01\/06ad0555-d799-494b-a5ba-d7455197e921.jpg 1163w\" sizes=\"(max-width: 744px) 100vw, 744px\" \/><\/figure>\n","protected":false},"excerpt":{"rendered":"<p>Segue o documento de apresenta\u00e7\u00e3o do CVMARJ, atualizado, para conhecimento geral e provid\u00eancias. Esse documento deve ser divulgado nas nossas redes sociais, ser enviado aos S\u00f3cios, amigos, parceiros e entidades civis e militares que temos rela\u00e7\u00f5es. Serve tamb\u00e9m como refer\u00eancia em novas informa\u00e7\u00f5es sobre, projetos e processos futuros. CVMARJ 2022 _ 20 ANOS FAZENDO HIST\u00d3RIA.&hellip;&nbsp;<a href=\"https:\/\/cvmarj.org.br\/site\/index.php\/2022\/01\/09\/documento-de-apresentacao-do-cvmarj\/\" class=\"\" rel=\"bookmark\">Ler mais &raquo;<span class=\"screen-reader-text\">Documento de apresenta\u00e7\u00e3o do CVMARJ<\/span><\/a><\/p>\n","protected":false},"author":1,"featured_media":0,"comment_status":"closed","ping_status":"closed","sticky":false,"template":"","format":"standard","meta":{"neve_meta_sidebar":"","neve_meta_container":"","neve_meta_enable_content_width":"","neve_meta_content_width":0,"neve_meta_title_alignment":"","neve_meta_author_avatar":"","neve_post_elements_order":"","neve_meta_disable_header":"","neve_meta_disable_footer":"","neve_meta_disable_title":"","footnotes":""},"categories":[9],"tags":[],"_links":{"self":[{"href":"https:\/\/cvmarj.org.br\/site\/index.php\/wp-json\/wp\/v2\/posts\/2809"}],"collection":[{"href":"https:\/\/cvmarj.org.br\/site\/index.php\/wp-json\/wp\/v2\/posts"}],"about":[{"href":"https:\/\/cvmarj.org.br\/site\/index.php\/wp-json\/wp\/v2\/types\/post"}],"author":[{"embeddable":true,"href":"https:\/\/cvmarj.org.br\/site\/index.php\/wp-json\/wp\/v2\/users\/1"}],"replies":[{"embeddable":true,"href":"https:\/\/cvmarj.org.br\/site\/index.php\/wp-json\/wp\/v2\/comments?post=2809"}],"version-history":[{"count":1,"href":"https:\/\/cvmarj.org.br\/site\/index.php\/wp-json\/wp\/v2\/posts\/2809\/revisions"}],"predecessor-version":[{"id":2810,"href":"https:\/\/cvmarj.org.br\/site\/index.php\/wp-json\/wp\/v2\/posts\/2809\/revisions\/2810"}],"wp:attachment":[{"href":"https:\/\/cvmarj.org.br\/site\/index.php\/wp-json\/wp\/v2\/media?parent=2809"}],"wp:term":[{"taxonomy":"category","embeddable":true,"href":"https:\/\/cvmarj.org.br\/site\/index.php\/wp-json\/wp\/v2\/categories?post=2809"},{"taxonomy":"post_tag","embeddable":true,"href":"https:\/\/cvmarj.org.br\/site\/index.php\/wp-json\/wp\/v2\/tags?post=2809"}],"curies":[{"name":"wp","href":"https:\/\/api.w.org\/{rel}","templated":true}]}}