{"id":2814,"date":"2022-01-14T19:54:57","date_gmt":"2022-01-14T22:54:57","guid":{"rendered":"https:\/\/cvmarj.org.br\/site\/?p=2814"},"modified":"2022-01-14T19:54:59","modified_gmt":"2022-01-14T22:54:59","slug":"importante-cancelamento-de-evento","status":"publish","type":"post","link":"https:\/\/cvmarj.org.br\/site\/index.php\/2022\/01\/14\/importante-cancelamento-de-evento\/","title":{"rendered":"(IMPORTANTE) CANCELAMENTO DE EVENTO"},"content":{"rendered":"\n<p><\/p>\n\n\n\n<p>Boa noite.<\/p>\n\n\n\n<p>Em fun\u00e7\u00e3o da nova onda da pandemia do COVIDE 19, que vivemos na cidade do Rio de Jeneiro, resolvemos cancelar a nossa atividade do dia 16\/01\/2022, domingo, que seria realizada no Museu Militar Conde de Linhares.<\/p>\n\n\n\n<p>Essa medida tem por base, preservar a sa\u00fade de S\u00f3cios, Familiares e Convidados, evitando uma exposi\u00e7\u00e3o temer\u00e1ria de todos durante o evento, mesmo com a utiliza\u00e7\u00e3o de m\u00e1scaras entre os participantes.<\/p>\n\n\n\n<p>Certos de que essa \u00e9 a medida mais correta, nos despedimos, informando que para o m\u00eas de fevereiro de 2022, tamb\u00e9m avaliaremos as condi\u00e7\u00f5es de combate \u00e0 crise de sa\u00fade, para tomar qualquer posi\u00e7\u00e3o.<\/p>\n\n\n\n<p>SOMOS CVMARJ!<\/p>\n\n\n\n<p>VAMOS EM FRENTE!<\/p>\n\n\n\n<p>At.<\/p>\n\n\n\n<p>S\u00e9rgio Capella.<br>Presidente do CVMARJ.<\/p>\n","protected":false},"excerpt":{"rendered":"<p>Boa noite. Em fun\u00e7\u00e3o da nova onda da pandemia do COVIDE 19, que vivemos na cidade do Rio de Jeneiro, resolvemos cancelar a nossa atividade do dia 16\/01\/2022, domingo, que seria realizada no Museu Militar Conde de Linhares. Essa medida tem por base, preservar a sa\u00fade de S\u00f3cios, Familiares e Convidados, evitando uma exposi\u00e7\u00e3o temer\u00e1ria&hellip;&nbsp;<a href=\"https:\/\/cvmarj.org.br\/site\/index.php\/2022\/01\/14\/importante-cancelamento-de-evento\/\" class=\"\" rel=\"bookmark\">Ler mais &raquo;<span class=\"screen-reader-text\">(IMPORTANTE) CANCELAMENTO DE EVENTO<\/span><\/a><\/p>\n","protected":false},"author":1,"featured_media":0,"comment_status":"closed","ping_status":"closed","sticky":false,"template":"","format":"standard","meta":{"neve_meta_sidebar":"","neve_meta_container":"","neve_meta_enable_content_width":"","neve_meta_content_width":0,"neve_meta_title_alignment":"","neve_meta_author_avatar":"","neve_post_elements_order":"","neve_meta_disable_header":"","neve_meta_disable_footer":"","neve_meta_disable_title":"","footnotes":""},"categories":[9],"tags":[],"_links":{"self":[{"href":"https:\/\/cvmarj.org.br\/site\/index.php\/wp-json\/wp\/v2\/posts\/2814"}],"collection":[{"href":"https:\/\/cvmarj.org.br\/site\/index.php\/wp-json\/wp\/v2\/posts"}],"about":[{"href":"https:\/\/cvmarj.org.br\/site\/index.php\/wp-json\/wp\/v2\/types\/post"}],"author":[{"embeddable":true,"href":"https:\/\/cvmarj.org.br\/site\/index.php\/wp-json\/wp\/v2\/users\/1"}],"replies":[{"embeddable":true,"href":"https:\/\/cvmarj.org.br\/site\/index.php\/wp-json\/wp\/v2\/comments?post=2814"}],"version-history":[{"count":1,"href":"https:\/\/cvmarj.org.br\/site\/index.php\/wp-json\/wp\/v2\/posts\/2814\/revisions"}],"predecessor-version":[{"id":2815,"href":"https:\/\/cvmarj.org.br\/site\/index.php\/wp-json\/wp\/v2\/posts\/2814\/revisions\/2815"}],"wp:attachment":[{"href":"https:\/\/cvmarj.org.br\/site\/index.php\/wp-json\/wp\/v2\/media?parent=2814"}],"wp:term":[{"taxonomy":"category","embeddable":true,"href":"https:\/\/cvmarj.org.br\/site\/index.php\/wp-json\/wp\/v2\/categories?post=2814"},{"taxonomy":"post_tag","embeddable":true,"href":"https:\/\/cvmarj.org.br\/site\/index.php\/wp-json\/wp\/v2\/tags?post=2814"}],"curies":[{"name":"wp","href":"https:\/\/api.w.org\/{rel}","templated":true}]}}