{"id":2820,"date":"2022-01-16T22:04:03","date_gmt":"2022-01-17T01:04:03","guid":{"rendered":"https:\/\/cvmarj.org.br\/site\/?p=2820"},"modified":"2022-01-16T22:06:02","modified_gmt":"2022-01-17T01:06:02","slug":"passagem-de-comando-do-regimento-sampaio-19-01-22","status":"publish","type":"post","link":"https:\/\/cvmarj.org.br\/site\/index.php\/2022\/01\/16\/passagem-de-comando-do-regimento-sampaio-19-01-22\/","title":{"rendered":"Passagem de comando do regimento Sampaio (19\/01\/22)"},"content":{"rendered":"\n<p>Dia 19\/01\/2022, quarta feira, teremos passagem de Comando do Regimento Sampaio, na VILA MILITAR.<\/p>\n\n\n\n<p>O Comandante da UNIDADE, o Cel Infantaria TRAMONTINI, faz quest\u00e3o da presen\u00e7a de um GRUPAMENTO DE VIATURAS E MOTOCICLETAS do CVMARJ, para abrir o desfile motorizado da solenidade.<\/p>\n\n\n\n<p>&#8220;SOMOS TROPA INTEGRANRE DO REGIMENTO SAMPAIO&#8221;, nas palavras do seu atual Comandante\u2026<\/p>\n\n\n\n<p>Que honra, que orgulho, que reconhecimento, portanto, miss\u00e3o dada, \u00e9 miss\u00e3o cumprida!<\/p>\n\n\n\n<p>Vamos com tudo, dispositivo pronto, 15:00 h, haver\u00e1 um rapido ensaio e depois colocaremos as vtrs em uma exposi\u00e7\u00e3o que ser\u00e1 montada em frente ao Pavilh\u00e3o do &#8220;Aspirante MEGA&#8221;.<\/p>\n\n\n\n<p>Convoco os amigos para esse primeiro grande evento de 2022!<\/p>\n\n\n\n<p>Todas as medidas preventivas contra o COVIDE 19, em outras doen\u00e7as, ser\u00e3o tomadas.<\/p>\n\n\n\n<p>Preferencialmente, trajes do CVMARJ!<\/p>\n\n\n\n<p>AVANTE REGIMENTO SAMPAIO!<\/p>\n\n\n\n<p>SOMOS CVMARJ!<\/p>\n\n\n\n<p>VAMOS EM FRENTE!<\/p>\n\n\n\n<p>At.<\/p>\n\n\n\n<p>S\u00e9rgio Capella.<br>Presidente do CVMARJ.<\/p>\n\n\n\n<figure class=\"wp-block-image size-large\"><img fetchpriority=\"high\" decoding=\"async\" width=\"724\" height=\"1024\" src=\"https:\/\/cvmarj.org.br\/site\/wp-content\/uploads\/2022\/01\/58edf040-a657-41c5-be75-29c182e90d11-724x1024.jpg\" alt=\"\" class=\"wp-image-2822\" srcset=\"https:\/\/cvmarj.org.br\/site\/wp-content\/uploads\/2022\/01\/58edf040-a657-41c5-be75-29c182e90d11-724x1024.jpg 724w, https:\/\/cvmarj.org.br\/site\/wp-content\/uploads\/2022\/01\/58edf040-a657-41c5-be75-29c182e90d11-212x300.jpg 212w, https:\/\/cvmarj.org.br\/site\/wp-content\/uploads\/2022\/01\/58edf040-a657-41c5-be75-29c182e90d11-768x1086.jpg 768w, https:\/\/cvmarj.org.br\/site\/wp-content\/uploads\/2022\/01\/58edf040-a657-41c5-be75-29c182e90d11.jpg 905w\" sizes=\"(max-width: 724px) 100vw, 724px\" \/><\/figure>\n","protected":false},"excerpt":{"rendered":"<p>Dia 19\/01\/2022, quarta feira, teremos passagem de Comando do Regimento Sampaio, na VILA MILITAR. O Comandante da UNIDADE, o Cel Infantaria TRAMONTINI, faz quest\u00e3o da presen\u00e7a de um GRUPAMENTO DE VIATURAS E MOTOCICLETAS do CVMARJ, para abrir o desfile motorizado da solenidade. &#8220;SOMOS TROPA INTEGRANRE DO REGIMENTO SAMPAIO&#8221;, nas palavras do seu atual Comandante\u2026 Que&hellip;&nbsp;<a href=\"https:\/\/cvmarj.org.br\/site\/index.php\/2022\/01\/16\/passagem-de-comando-do-regimento-sampaio-19-01-22\/\" class=\"\" rel=\"bookmark\">Ler mais &raquo;<span class=\"screen-reader-text\">Passagem de comando do regimento Sampaio (19\/01\/22)<\/span><\/a><\/p>\n","protected":false},"author":1,"featured_media":2822,"comment_status":"closed","ping_status":"closed","sticky":false,"template":"","format":"standard","meta":{"neve_meta_sidebar":"","neve_meta_container":"","neve_meta_enable_content_width":"","neve_meta_content_width":0,"neve_meta_title_alignment":"","neve_meta_author_avatar":"","neve_post_elements_order":"","neve_meta_disable_header":"","neve_meta_disable_footer":"","neve_meta_disable_title":"","footnotes":""},"categories":[9],"tags":[],"_links":{"self":[{"href":"https:\/\/cvmarj.org.br\/site\/index.php\/wp-json\/wp\/v2\/posts\/2820"}],"collection":[{"href":"https:\/\/cvmarj.org.br\/site\/index.php\/wp-json\/wp\/v2\/posts"}],"about":[{"href":"https:\/\/cvmarj.org.br\/site\/index.php\/wp-json\/wp\/v2\/types\/post"}],"author":[{"embeddable":true,"href":"https:\/\/cvmarj.org.br\/site\/index.php\/wp-json\/wp\/v2\/users\/1"}],"replies":[{"embeddable":true,"href":"https:\/\/cvmarj.org.br\/site\/index.php\/wp-json\/wp\/v2\/comments?post=2820"}],"version-history":[{"count":2,"href":"https:\/\/cvmarj.org.br\/site\/index.php\/wp-json\/wp\/v2\/posts\/2820\/revisions"}],"predecessor-version":[{"id":2823,"href":"https:\/\/cvmarj.org.br\/site\/index.php\/wp-json\/wp\/v2\/posts\/2820\/revisions\/2823"}],"wp:featuredmedia":[{"embeddable":true,"href":"https:\/\/cvmarj.org.br\/site\/index.php\/wp-json\/wp\/v2\/media\/2822"}],"wp:attachment":[{"href":"https:\/\/cvmarj.org.br\/site\/index.php\/wp-json\/wp\/v2\/media?parent=2820"}],"wp:term":[{"taxonomy":"category","embeddable":true,"href":"https:\/\/cvmarj.org.br\/site\/index.php\/wp-json\/wp\/v2\/categories?post=2820"},{"taxonomy":"post_tag","embeddable":true,"href":"https:\/\/cvmarj.org.br\/site\/index.php\/wp-json\/wp\/v2\/tags?post=2820"}],"curies":[{"name":"wp","href":"https:\/\/api.w.org\/{rel}","templated":true}]}}