{"id":2827,"date":"2022-01-24T23:28:09","date_gmt":"2022-01-25T02:28:09","guid":{"rendered":"https:\/\/cvmarj.org.br\/site\/?p=2827"},"modified":"2022-01-24T23:29:40","modified_gmt":"2022-01-25T02:29:40","slug":"atividades-cvmarj","status":"publish","type":"post","link":"https:\/\/cvmarj.org.br\/site\/index.php\/2022\/01\/24\/atividades-cvmarj\/","title":{"rendered":"Atividades CVMARJ (CANCELAMENTO)"},"content":{"rendered":"\n<p>FEVEREIRO DE 2022.<\/p>\n\n\n\n<p>INFORMAMOS QUE NO M\u00caS DE FEVEREIRO, N\u00c3O TEREMOS ATIVIDADES, SOCIAIS, C\u00cdVICAS E MILITARES, DO CLUBE.<\/p>\n\n\n\n<p>TAL MEDIDA FOI TOMADA PELA DIRETORIA COM A FINALIDADE DE PRESERVAR A SA\u00daDE DOS NOSSOS S\u00d3CIOS, FAMILIARES E AMIGOS, ASSIM COMO A MANUTEN\u00c7\u00c3O, RESTAURA\u00c7\u00c3O E RECUPERA\u00c7\u00c3O DOS NOSSOS MEIOS RODANTES.<\/p>\n\n\n\n<p>NOSSAS ATIVIDADES SER\u00c3O RETOMADAS EM EM MAR\u00c7O DE 2022.<\/p>\n\n\n\n<p>SOMOS CVMARJ!<\/p>\n\n\n\n<p>VAMOS EM FRENTE!<\/p>\n\n\n\n<p>AT.<\/p>\n\n\n\n<p>Sergio Capella.<br>Presidente do CVMARJ.<\/p>\n","protected":false},"excerpt":{"rendered":"<p>FEVEREIRO DE 2022. INFORMAMOS QUE NO M\u00caS DE FEVEREIRO, N\u00c3O TEREMOS ATIVIDADES, SOCIAIS, C\u00cdVICAS E MILITARES, DO CLUBE. TAL MEDIDA FOI TOMADA PELA DIRETORIA COM A FINALIDADE DE PRESERVAR A SA\u00daDE DOS NOSSOS S\u00d3CIOS, FAMILIARES E AMIGOS, ASSIM COMO A MANUTEN\u00c7\u00c3O, RESTAURA\u00c7\u00c3O E RECUPERA\u00c7\u00c3O DOS NOSSOS MEIOS RODANTES. NOSSAS ATIVIDADES SER\u00c3O RETOMADAS EM EM MAR\u00c7O&hellip;&nbsp;<a href=\"https:\/\/cvmarj.org.br\/site\/index.php\/2022\/01\/24\/atividades-cvmarj\/\" class=\"\" rel=\"bookmark\">Ler mais &raquo;<span class=\"screen-reader-text\">Atividades CVMARJ (CANCELAMENTO)<\/span><\/a><\/p>\n","protected":false},"author":1,"featured_media":0,"comment_status":"closed","ping_status":"closed","sticky":false,"template":"","format":"standard","meta":{"neve_meta_sidebar":"","neve_meta_container":"","neve_meta_enable_content_width":"","neve_meta_content_width":0,"neve_meta_title_alignment":"","neve_meta_author_avatar":"","neve_post_elements_order":"","neve_meta_disable_header":"","neve_meta_disable_footer":"","neve_meta_disable_title":"","footnotes":""},"categories":[9],"tags":[],"_links":{"self":[{"href":"https:\/\/cvmarj.org.br\/site\/index.php\/wp-json\/wp\/v2\/posts\/2827"}],"collection":[{"href":"https:\/\/cvmarj.org.br\/site\/index.php\/wp-json\/wp\/v2\/posts"}],"about":[{"href":"https:\/\/cvmarj.org.br\/site\/index.php\/wp-json\/wp\/v2\/types\/post"}],"author":[{"embeddable":true,"href":"https:\/\/cvmarj.org.br\/site\/index.php\/wp-json\/wp\/v2\/users\/1"}],"replies":[{"embeddable":true,"href":"https:\/\/cvmarj.org.br\/site\/index.php\/wp-json\/wp\/v2\/comments?post=2827"}],"version-history":[{"count":2,"href":"https:\/\/cvmarj.org.br\/site\/index.php\/wp-json\/wp\/v2\/posts\/2827\/revisions"}],"predecessor-version":[{"id":2830,"href":"https:\/\/cvmarj.org.br\/site\/index.php\/wp-json\/wp\/v2\/posts\/2827\/revisions\/2830"}],"wp:attachment":[{"href":"https:\/\/cvmarj.org.br\/site\/index.php\/wp-json\/wp\/v2\/media?parent=2827"}],"wp:term":[{"taxonomy":"category","embeddable":true,"href":"https:\/\/cvmarj.org.br\/site\/index.php\/wp-json\/wp\/v2\/categories?post=2827"},{"taxonomy":"post_tag","embeddable":true,"href":"https:\/\/cvmarj.org.br\/site\/index.php\/wp-json\/wp\/v2\/tags?post=2827"}],"curies":[{"name":"wp","href":"https:\/\/api.w.org\/{rel}","templated":true}]}}