{"id":2831,"date":"2022-01-24T23:34:17","date_gmt":"2022-01-25T02:34:17","guid":{"rendered":"https:\/\/cvmarj.org.br\/site\/?p=2831"},"modified":"2022-01-24T23:34:18","modified_gmt":"2022-01-25T02:34:18","slug":"fbva-detran-pr-e-senatran-lancam-o-novo-modelo-de-placa-preta-para-veiculos-de-colecao-em-curitiba","status":"publish","type":"post","link":"https:\/\/cvmarj.org.br\/site\/index.php\/2022\/01\/24\/fbva-detran-pr-e-senatran-lancam-o-novo-modelo-de-placa-preta-para-veiculos-de-colecao-em-curitiba\/","title":{"rendered":"FBVA, Detran-PR e Senatran lan\u00e7am o novo modelo de placa preta para ve\u00edculos de cole\u00e7\u00e3o em Curitiba"},"content":{"rendered":"\n<p>FBVA, Detran-PR e Senatran lan\u00e7am o novo modelo de placa preta para ve\u00edculos de cole\u00e7\u00e3o em Curitiba<\/p>\n\n\n\n<p>A Federa\u00e7\u00e3o Brasileira de Ve\u00edculos Antigos (FBVA), o Departamento Estadual de Tr\u00e2nsito do Paran\u00e1 (Detran-PR) e a Secretaria Nacional de Tr\u00e2nsito (Senatran) lan\u00e7aram, neste s\u00e1bado (22), a nova Placa Preta para ve\u00edculos de cole\u00e7\u00e3o no modelo Mercosul.<\/p>\n\n\n\n<p>A conquista vem em decorr\u00eancia de uma consulta p\u00fablica realizada pela Senatran ap\u00f3s pedido da FBVA, cujo volume de participa\u00e7\u00e3o impressionou o Secret\u00e1rio Nacional de Tr\u00e2nsito, Frederico de Moura Carneiro. \u201cA consulta p\u00fablica sobre o retorno da Placa Preta para ve\u00edculos de cole\u00e7\u00e3o surpreendeu a todos, foi uma participa\u00e7\u00e3o quase 15 vezes maior do que qualquer outra consulta antes realizada por n\u00f3s, n\u00famero realmente muito significativo\u201d, declarou o Secret\u00e1rio.<\/p>\n\n\n\n<p>A nova Placa Preta foi oficializada pela Resolu\u00e7\u00e3o 887\/2021 foi publicada pela Senatran em dezembro de 2021 e entrar\u00e1 em vigor em 1 de junho de 2022.<\/p>\n\n\n\n<p>Veja mais em: <a href=\"https:\/\/www.fbva.org.br\/fbva-news-det.php?cod=1236\" target=\"_blank\" rel=\"noreferrer noopener\">https:\/\/www.fbva.org.br\/fbva-news-det.php?cod=1236<\/a><br><\/p>\n\n\n\n<figure class=\"wp-block-gallery columns-3 is-cropped wp-block-gallery-1 is-layout-flex wp-block-gallery-is-layout-flex\"><ul class=\"blocks-gallery-grid\"><li class=\"blocks-gallery-item\"><figure><img fetchpriority=\"high\" decoding=\"async\" width=\"1024\" height=\"682\" src=\"https:\/\/cvmarj.org.br\/site\/wp-content\/uploads\/2022\/01\/2dcf6fa4-fdc5-412f-95a8-8cd7fda768b6-1024x682.jpg\" alt=\"\" data-id=\"2833\" data-full-url=\"https:\/\/cvmarj.org.br\/site\/wp-content\/uploads\/2022\/01\/2dcf6fa4-fdc5-412f-95a8-8cd7fda768b6.jpg\" data-link=\"https:\/\/cvmarj.org.br\/site\/?attachment_id=2833\" class=\"wp-image-2833\" srcset=\"https:\/\/cvmarj.org.br\/site\/wp-content\/uploads\/2022\/01\/2dcf6fa4-fdc5-412f-95a8-8cd7fda768b6-1024x682.jpg 1024w, https:\/\/cvmarj.org.br\/site\/wp-content\/uploads\/2022\/01\/2dcf6fa4-fdc5-412f-95a8-8cd7fda768b6-300x200.jpg 300w, https:\/\/cvmarj.org.br\/site\/wp-content\/uploads\/2022\/01\/2dcf6fa4-fdc5-412f-95a8-8cd7fda768b6-768x511.jpg 768w, https:\/\/cvmarj.org.br\/site\/wp-content\/uploads\/2022\/01\/2dcf6fa4-fdc5-412f-95a8-8cd7fda768b6-930x620.jpg 930w, https:\/\/cvmarj.org.br\/site\/wp-content\/uploads\/2022\/01\/2dcf6fa4-fdc5-412f-95a8-8cd7fda768b6.jpg 1280w\" sizes=\"(max-width: 1024px) 100vw, 1024px\" \/><\/figure><\/li><li class=\"blocks-gallery-item\"><figure><img decoding=\"async\" width=\"1024\" height=\"768\" src=\"https:\/\/cvmarj.org.br\/site\/wp-content\/uploads\/2022\/01\/584be308-cd62-465d-84b2-8df1d648291b-1024x768.jpg\" alt=\"\" data-id=\"2834\" data-full-url=\"https:\/\/cvmarj.org.br\/site\/wp-content\/uploads\/2022\/01\/584be308-cd62-465d-84b2-8df1d648291b.jpg\" data-link=\"https:\/\/cvmarj.org.br\/site\/?attachment_id=2834\" class=\"wp-image-2834\" srcset=\"https:\/\/cvmarj.org.br\/site\/wp-content\/uploads\/2022\/01\/584be308-cd62-465d-84b2-8df1d648291b-1024x768.jpg 1024w, https:\/\/cvmarj.org.br\/site\/wp-content\/uploads\/2022\/01\/584be308-cd62-465d-84b2-8df1d648291b-300x225.jpg 300w, https:\/\/cvmarj.org.br\/site\/wp-content\/uploads\/2022\/01\/584be308-cd62-465d-84b2-8df1d648291b-768x576.jpg 768w, https:\/\/cvmarj.org.br\/site\/wp-content\/uploads\/2022\/01\/584be308-cd62-465d-84b2-8df1d648291b.jpg 1280w\" sizes=\"(max-width: 1024px) 100vw, 1024px\" \/><\/figure><\/li><li class=\"blocks-gallery-item\"><figure><img decoding=\"async\" width=\"1024\" height=\"768\" src=\"https:\/\/cvmarj.org.br\/site\/wp-content\/uploads\/2022\/01\/3dc7de9f-874e-4e87-80c4-def8367f897a-1024x768.jpg\" alt=\"\" data-id=\"2835\" data-full-url=\"https:\/\/cvmarj.org.br\/site\/wp-content\/uploads\/2022\/01\/3dc7de9f-874e-4e87-80c4-def8367f897a.jpg\" data-link=\"https:\/\/cvmarj.org.br\/site\/?attachment_id=2835\" class=\"wp-image-2835\" srcset=\"https:\/\/cvmarj.org.br\/site\/wp-content\/uploads\/2022\/01\/3dc7de9f-874e-4e87-80c4-def8367f897a-1024x768.jpg 1024w, https:\/\/cvmarj.org.br\/site\/wp-content\/uploads\/2022\/01\/3dc7de9f-874e-4e87-80c4-def8367f897a-300x225.jpg 300w, https:\/\/cvmarj.org.br\/site\/wp-content\/uploads\/2022\/01\/3dc7de9f-874e-4e87-80c4-def8367f897a-768x576.jpg 768w, https:\/\/cvmarj.org.br\/site\/wp-content\/uploads\/2022\/01\/3dc7de9f-874e-4e87-80c4-def8367f897a.jpg 1280w\" sizes=\"(max-width: 1024px) 100vw, 1024px\" \/><\/figure><\/li><\/ul><\/figure>\n","protected":false},"excerpt":{"rendered":"<p>FBVA, Detran-PR e Senatran lan\u00e7am o novo modelo de placa preta para ve\u00edculos de cole\u00e7\u00e3o em Curitiba A Federa\u00e7\u00e3o Brasileira de Ve\u00edculos Antigos (FBVA), o Departamento Estadual de Tr\u00e2nsito do Paran\u00e1 (Detran-PR) e a Secretaria Nacional de Tr\u00e2nsito (Senatran) lan\u00e7aram, neste s\u00e1bado (22), a nova Placa Preta para ve\u00edculos de cole\u00e7\u00e3o no modelo Mercosul. A&hellip;&nbsp;<a href=\"https:\/\/cvmarj.org.br\/site\/index.php\/2022\/01\/24\/fbva-detran-pr-e-senatran-lancam-o-novo-modelo-de-placa-preta-para-veiculos-de-colecao-em-curitiba\/\" class=\"\" rel=\"bookmark\">Ler mais &raquo;<span class=\"screen-reader-text\">FBVA, Detran-PR e Senatran lan\u00e7am o novo modelo de placa preta para ve\u00edculos de cole\u00e7\u00e3o em Curitiba<\/span><\/a><\/p>\n","protected":false},"author":1,"featured_media":2832,"comment_status":"closed","ping_status":"closed","sticky":false,"template":"","format":"standard","meta":{"neve_meta_sidebar":"","neve_meta_container":"","neve_meta_enable_content_width":"","neve_meta_content_width":0,"neve_meta_title_alignment":"","neve_meta_author_avatar":"","neve_post_elements_order":"","neve_meta_disable_header":"","neve_meta_disable_footer":"","neve_meta_disable_title":"","footnotes":""},"categories":[9],"tags":[],"_links":{"self":[{"href":"https:\/\/cvmarj.org.br\/site\/index.php\/wp-json\/wp\/v2\/posts\/2831"}],"collection":[{"href":"https:\/\/cvmarj.org.br\/site\/index.php\/wp-json\/wp\/v2\/posts"}],"about":[{"href":"https:\/\/cvmarj.org.br\/site\/index.php\/wp-json\/wp\/v2\/types\/post"}],"author":[{"embeddable":true,"href":"https:\/\/cvmarj.org.br\/site\/index.php\/wp-json\/wp\/v2\/users\/1"}],"replies":[{"embeddable":true,"href":"https:\/\/cvmarj.org.br\/site\/index.php\/wp-json\/wp\/v2\/comments?post=2831"}],"version-history":[{"count":1,"href":"https:\/\/cvmarj.org.br\/site\/index.php\/wp-json\/wp\/v2\/posts\/2831\/revisions"}],"predecessor-version":[{"id":2836,"href":"https:\/\/cvmarj.org.br\/site\/index.php\/wp-json\/wp\/v2\/posts\/2831\/revisions\/2836"}],"wp:featuredmedia":[{"embeddable":true,"href":"https:\/\/cvmarj.org.br\/site\/index.php\/wp-json\/wp\/v2\/media\/2832"}],"wp:attachment":[{"href":"https:\/\/cvmarj.org.br\/site\/index.php\/wp-json\/wp\/v2\/media?parent=2831"}],"wp:term":[{"taxonomy":"category","embeddable":true,"href":"https:\/\/cvmarj.org.br\/site\/index.php\/wp-json\/wp\/v2\/categories?post=2831"},{"taxonomy":"post_tag","embeddable":true,"href":"https:\/\/cvmarj.org.br\/site\/index.php\/wp-json\/wp\/v2\/tags?post=2831"}],"curies":[{"name":"wp","href":"https:\/\/api.w.org\/{rel}","templated":true}]}}