{"id":2866,"date":"2022-03-09T21:37:31","date_gmt":"2022-03-10T00:37:31","guid":{"rendered":"https:\/\/cvmarj.org.br\/site\/?p=2866"},"modified":"2022-03-09T21:37:32","modified_gmt":"2022-03-10T00:37:32","slug":"major-enfermeira-elza","status":"publish","type":"post","link":"https:\/\/cvmarj.org.br\/site\/index.php\/2022\/03\/09\/major-enfermeira-elza\/","title":{"rendered":"Major Enfermeira ELZA"},"content":{"rendered":"\n<p>Major Enfermeira ELZA Cansan\u00e7\u00e3o Medeiros<br>Homenagem ao Dia Internacional da Mulher<br>Israel Blajberg<\/p>\n\n\n\n<p>A cada 7 de Setembro, a multid\u00e3o diante do Pantheon de Caxias se surpreendia ao ver passar o Grupamento dos Ex- Combatentes. Uma figura marcante de mulher, fardada, logo despertava a aten\u00e7\u00e3o do p\u00fablico, desfilando embarcada numa das primeiras viaturas, sempre uma das mais aplaudidas. Num dia de 1944, partiu no grupo de 70 Enfermeiras para o desconhecido em defesa da democracia e da liberdade, retornando com a FEB coberta de gl\u00f3rias. Foram dignas de uma Ana N\u00e9ri, que partiu em 1865 para a guerra do Paraguai com autoriza\u00e7\u00e3o especial do Imperador. Possu\u00eda mais de 40 medalhas nacionais e estrangeiras, tendo sido a primeira mulher a ingressar no IGHMB, no ano do cinquentario daquela institui\u00e7\u00e3o. Em 2007 foi empossada na Cadeira Especial Historiadora Militar Terrestre Brasileira, como primeira mulher a ocupar cadeira na AHIMTB \u2013 Academia de Historia Militar Terrestre do Brasil. Escultora, somente do Marechal Mascarenhas de Moraes, o Grande Comandante da FEB foram 40 esculturas. A estatueta representando uma enfermeira em contin\u00eancia \u00e9 o pr\u00eamio oferecido \u00e0s primeiras colocadas da Escola de Administra\u00e7\u00e3o do Ex\u00e9rcito em Salvador, que vem a ser o seu auto-retrato. A mulher de fibra nos deixou em 8\/dez\/2009, mas o exemplo frutificar\u00e1, do trabalho ingente, da dedica\u00e7\u00e3o aos ideais, da preserva\u00e7\u00e3o e divulga\u00e7\u00e3o da mem\u00f3ria da FEB. A melhor homenagem que lhe poderemos prestar ser\u00e1 manter desfraldada a bandeira a qual dedicou toda a sua rica exist\u00eancia.<\/p>\n\n\n\n<p>Foto de Israel Blajberg: Major ELZA Cansan\u00e7\u00e3o Medeiros integrando o Grupamento dos Ex-Combatentes ao abrir o Desfile Militar em 7 de Setembro de 2005 &#8211; Av. Pres. Vargas &#8211; Rio<\/p>\n\n\n\n<figure class=\"wp-block-gallery has-nested-images columns-default is-cropped wp-block-gallery-1 is-layout-flex wp-block-gallery-is-layout-flex\">\n<figure class=\"wp-block-image size-large\"><img fetchpriority=\"high\" decoding=\"async\" width=\"640\" height=\"480\" data-id=\"2869\" src=\"https:\/\/cvmarj.org.br\/site\/wp-content\/uploads\/2022\/03\/68433830-29af-4767-905e-a80111b3ffea.jpg\" alt=\"\" class=\"wp-image-2869\" srcset=\"https:\/\/cvmarj.org.br\/site\/wp-content\/uploads\/2022\/03\/68433830-29af-4767-905e-a80111b3ffea.jpg 640w, https:\/\/cvmarj.org.br\/site\/wp-content\/uploads\/2022\/03\/68433830-29af-4767-905e-a80111b3ffea-300x225.jpg 300w\" sizes=\"(max-width: 640px) 100vw, 640px\" \/><\/figure>\n\n\n\n<figure class=\"wp-block-image size-large\"><img decoding=\"async\" width=\"512\" height=\"384\" data-id=\"2868\" src=\"https:\/\/cvmarj.org.br\/site\/wp-content\/uploads\/2022\/03\/2e3b1865-a4ed-45f6-a90b-7c7c361dd56a.jpg\" alt=\"\" class=\"wp-image-2868\" srcset=\"https:\/\/cvmarj.org.br\/site\/wp-content\/uploads\/2022\/03\/2e3b1865-a4ed-45f6-a90b-7c7c361dd56a.jpg 512w, https:\/\/cvmarj.org.br\/site\/wp-content\/uploads\/2022\/03\/2e3b1865-a4ed-45f6-a90b-7c7c361dd56a-300x225.jpg 300w\" sizes=\"(max-width: 512px) 100vw, 512px\" \/><\/figure>\n\n\n\n<figure class=\"wp-block-image size-large\"><img decoding=\"async\" width=\"480\" height=\"640\" data-id=\"2870\" src=\"https:\/\/cvmarj.org.br\/site\/wp-content\/uploads\/2022\/03\/e7a63339-15a9-4356-8b58-be3e7dfe5558.jpg\" alt=\"\" class=\"wp-image-2870\" srcset=\"https:\/\/cvmarj.org.br\/site\/wp-content\/uploads\/2022\/03\/e7a63339-15a9-4356-8b58-be3e7dfe5558.jpg 480w, https:\/\/cvmarj.org.br\/site\/wp-content\/uploads\/2022\/03\/e7a63339-15a9-4356-8b58-be3e7dfe5558-225x300.jpg 225w\" sizes=\"(max-width: 480px) 100vw, 480px\" \/><\/figure>\n\n\n\n<figure class=\"wp-block-image size-large\"><img loading=\"lazy\" decoding=\"async\" width=\"1024\" height=\"768\" data-id=\"2871\" src=\"https:\/\/cvmarj.org.br\/site\/wp-content\/uploads\/2022\/03\/1fcb5695-8557-4295-a267-dfc670f930e1-1024x768.jpg\" alt=\"\" class=\"wp-image-2871\" srcset=\"https:\/\/cvmarj.org.br\/site\/wp-content\/uploads\/2022\/03\/1fcb5695-8557-4295-a267-dfc670f930e1-1024x768.jpg 1024w, https:\/\/cvmarj.org.br\/site\/wp-content\/uploads\/2022\/03\/1fcb5695-8557-4295-a267-dfc670f930e1-300x225.jpg 300w, https:\/\/cvmarj.org.br\/site\/wp-content\/uploads\/2022\/03\/1fcb5695-8557-4295-a267-dfc670f930e1-768x576.jpg 768w, https:\/\/cvmarj.org.br\/site\/wp-content\/uploads\/2022\/03\/1fcb5695-8557-4295-a267-dfc670f930e1-1536x1152.jpg 1536w, https:\/\/cvmarj.org.br\/site\/wp-content\/uploads\/2022\/03\/1fcb5695-8557-4295-a267-dfc670f930e1.jpg 1600w\" sizes=\"(max-width: 1024px) 100vw, 1024px\" \/><\/figure>\n<\/figure>\n","protected":false},"excerpt":{"rendered":"<p>Major Enfermeira ELZA Cansan\u00e7\u00e3o MedeirosHomenagem ao Dia Internacional da MulherIsrael Blajberg A cada 7 de Setembro, a multid\u00e3o diante do Pantheon de Caxias se surpreendia ao ver passar o Grupamento dos Ex- Combatentes. Uma figura marcante de mulher, fardada, logo despertava a aten\u00e7\u00e3o do p\u00fablico, desfilando embarcada numa das primeiras viaturas, sempre uma das mais&hellip;&nbsp;<a href=\"https:\/\/cvmarj.org.br\/site\/index.php\/2022\/03\/09\/major-enfermeira-elza\/\" class=\"\" rel=\"bookmark\">Ler mais &raquo;<span class=\"screen-reader-text\">Major Enfermeira ELZA<\/span><\/a><\/p>\n","protected":false},"author":1,"featured_media":2867,"comment_status":"closed","ping_status":"closed","sticky":false,"template":"","format":"standard","meta":{"neve_meta_sidebar":"","neve_meta_container":"","neve_meta_enable_content_width":"","neve_meta_content_width":0,"neve_meta_title_alignment":"","neve_meta_author_avatar":"","neve_post_elements_order":"","neve_meta_disable_header":"","neve_meta_disable_footer":"","neve_meta_disable_title":"","footnotes":""},"categories":[9],"tags":[],"_links":{"self":[{"href":"https:\/\/cvmarj.org.br\/site\/index.php\/wp-json\/wp\/v2\/posts\/2866"}],"collection":[{"href":"https:\/\/cvmarj.org.br\/site\/index.php\/wp-json\/wp\/v2\/posts"}],"about":[{"href":"https:\/\/cvmarj.org.br\/site\/index.php\/wp-json\/wp\/v2\/types\/post"}],"author":[{"embeddable":true,"href":"https:\/\/cvmarj.org.br\/site\/index.php\/wp-json\/wp\/v2\/users\/1"}],"replies":[{"embeddable":true,"href":"https:\/\/cvmarj.org.br\/site\/index.php\/wp-json\/wp\/v2\/comments?post=2866"}],"version-history":[{"count":1,"href":"https:\/\/cvmarj.org.br\/site\/index.php\/wp-json\/wp\/v2\/posts\/2866\/revisions"}],"predecessor-version":[{"id":2872,"href":"https:\/\/cvmarj.org.br\/site\/index.php\/wp-json\/wp\/v2\/posts\/2866\/revisions\/2872"}],"wp:featuredmedia":[{"embeddable":true,"href":"https:\/\/cvmarj.org.br\/site\/index.php\/wp-json\/wp\/v2\/media\/2867"}],"wp:attachment":[{"href":"https:\/\/cvmarj.org.br\/site\/index.php\/wp-json\/wp\/v2\/media?parent=2866"}],"wp:term":[{"taxonomy":"category","embeddable":true,"href":"https:\/\/cvmarj.org.br\/site\/index.php\/wp-json\/wp\/v2\/categories?post=2866"},{"taxonomy":"post_tag","embeddable":true,"href":"https:\/\/cvmarj.org.br\/site\/index.php\/wp-json\/wp\/v2\/tags?post=2866"}],"curies":[{"name":"wp","href":"https:\/\/api.w.org\/{rel}","templated":true}]}}