{"id":2899,"date":"2022-03-19T19:12:07","date_gmt":"2022-03-19T22:12:07","guid":{"rendered":"https:\/\/cvmarj.org.br\/site\/?p=2899"},"modified":"2022-03-19T19:12:08","modified_gmt":"2022-03-19T22:12:08","slug":"general-ramires","status":"publish","type":"post","link":"https:\/\/cvmarj.org.br\/site\/index.php\/2022\/03\/19\/general-ramires\/","title":{"rendered":"General Ramires"},"content":{"rendered":"\n<p>Prezado General Ramires, bom dia.<\/p>\n\n\n\n<p>Em meu nome e do CVMARJ, lhe presto minha continencia, pelo carinho e respeito que sempre tivemos do Senhor.<br>Tenha a satisfa\u00e7\u00e3o do dever cumprido.<br>Imaginamos a dificuldade de ter que nos deixar, sem poder realizar muitos dos seus sonhos e necessidades \u00e0 frente da DPHCEX.<br>Mas a vida continua, temos muitas coisas para fazer, temos a certeza de que onde estiver, estar\u00e1 lutando por Brasil melhor.<br>VAMOS EM FRENTE!<\/p>\n\n\n\n<p>CAVALARIA!<\/p>\n\n\n\n<p>BRASIL!<\/p>\n\n\n\n<p>At.<\/p>\n\n\n\n<p>S\u00e9rgio Capella.<br>2\u00b0 Ten R\/2 de Cavalaria.<br>Presidente do CVMARJ.<br><\/p>\n\n\n\n<hr class=\"wp-block-separator is-style-wide\"\/>\n\n\n\n<p>Obrigado, prezado amigo! Deixei planos para a nossa DPHCEx, torcendo para que a equipe e os amigos possam prosseguir na sua realiza\u00e7\u00e3o. Abra\u00e7o fraterno e muito boa sorte nos projetos do CVMARJ, que tanto nos ajuda na preserva\u00e7\u00e3o e divulga\u00e7\u00e3o da nossa hist\u00f3ria militar!<\/p>\n","protected":false},"excerpt":{"rendered":"<p>Prezado General Ramires, bom dia. Em meu nome e do CVMARJ, lhe presto minha continencia, pelo carinho e respeito que sempre tivemos do Senhor.Tenha a satisfa\u00e7\u00e3o do dever cumprido.Imaginamos a dificuldade de ter que nos deixar, sem poder realizar muitos dos seus sonhos e necessidades \u00e0 frente da DPHCEX.Mas a vida continua, temos muitas coisas&hellip;&nbsp;<a href=\"https:\/\/cvmarj.org.br\/site\/index.php\/2022\/03\/19\/general-ramires\/\" class=\"\" rel=\"bookmark\">Ler mais &raquo;<span class=\"screen-reader-text\">General Ramires<\/span><\/a><\/p>\n","protected":false},"author":1,"featured_media":2900,"comment_status":"closed","ping_status":"closed","sticky":false,"template":"","format":"standard","meta":{"neve_meta_sidebar":"","neve_meta_container":"","neve_meta_enable_content_width":"","neve_meta_content_width":0,"neve_meta_title_alignment":"","neve_meta_author_avatar":"","neve_post_elements_order":"","neve_meta_disable_header":"","neve_meta_disable_footer":"","neve_meta_disable_title":"","footnotes":""},"categories":[12],"tags":[],"_links":{"self":[{"href":"https:\/\/cvmarj.org.br\/site\/index.php\/wp-json\/wp\/v2\/posts\/2899"}],"collection":[{"href":"https:\/\/cvmarj.org.br\/site\/index.php\/wp-json\/wp\/v2\/posts"}],"about":[{"href":"https:\/\/cvmarj.org.br\/site\/index.php\/wp-json\/wp\/v2\/types\/post"}],"author":[{"embeddable":true,"href":"https:\/\/cvmarj.org.br\/site\/index.php\/wp-json\/wp\/v2\/users\/1"}],"replies":[{"embeddable":true,"href":"https:\/\/cvmarj.org.br\/site\/index.php\/wp-json\/wp\/v2\/comments?post=2899"}],"version-history":[{"count":1,"href":"https:\/\/cvmarj.org.br\/site\/index.php\/wp-json\/wp\/v2\/posts\/2899\/revisions"}],"predecessor-version":[{"id":2901,"href":"https:\/\/cvmarj.org.br\/site\/index.php\/wp-json\/wp\/v2\/posts\/2899\/revisions\/2901"}],"wp:featuredmedia":[{"embeddable":true,"href":"https:\/\/cvmarj.org.br\/site\/index.php\/wp-json\/wp\/v2\/media\/2900"}],"wp:attachment":[{"href":"https:\/\/cvmarj.org.br\/site\/index.php\/wp-json\/wp\/v2\/media?parent=2899"}],"wp:term":[{"taxonomy":"category","embeddable":true,"href":"https:\/\/cvmarj.org.br\/site\/index.php\/wp-json\/wp\/v2\/categories?post=2899"},{"taxonomy":"post_tag","embeddable":true,"href":"https:\/\/cvmarj.org.br\/site\/index.php\/wp-json\/wp\/v2\/tags?post=2899"}],"curies":[{"name":"wp","href":"https:\/\/api.w.org\/{rel}","templated":true}]}}