{"id":2927,"date":"2022-03-19T22:57:31","date_gmt":"2022-03-20T01:57:31","guid":{"rendered":"https:\/\/cvmarj.org.br\/site\/?p=2927"},"modified":"2022-03-22T00:24:39","modified_gmt":"2022-03-22T03:24:39","slug":"marco-2022","status":"publish","type":"post","link":"https:\/\/cvmarj.org.br\/site\/index.php\/2022\/03\/19\/marco-2022\/","title":{"rendered":"Mar\u00e7o 2022"},"content":{"rendered":"\n<p>ATUALIZADO EM 21\/03\/2022.<\/p>\n\n\n\n<ul><li>9\/04\/22, S\u00c1BADO: PORT\u00d5ES ABERTOS NA SEDE EM TUBIACANGA<\/li><li>12\/04\/22, TER\u00c7A FEIRA: PASSAGEM DE COMANDO AMAN.<\/li><li>13\/04\/22, QUARTA FEIRA: PASSAGEM DE COMANDO DPHCEX.<\/li><li>14\/04\/22, QUINTA FEIRA: ANIVERS\u00c1RIO DO GRUPO HIST\u00d3RICO LIBERTADORES DE MONTESE.<\/li><li>17\/04\/22, DOMINGO: REUNI\u00c3O MENSAL NO MUSEU MILITAR CONDE DE LINHARES.<\/li><li>26\/04\/22, TER\u00c7A FEIRA: PASSAGEM DE COMANDO DA BRIGADA PARAQUEDISTA.<\/li><li>30\/04\/22, S\u00c1BADO: POSSE DA NOVA DIRETORIA DA AORE\/RJ.<\/li><\/ul>\n\n\n\n<p>OBSERVA\u00c7\u00c3O: PROGRAMA\u00c7\u00c3O PODE SOFRER ALTERA\u00c7\u00d5ES.<\/p>\n\n\n\n<p>AT.<\/p>\n\n\n\n<p>S\u00c9RGIO CAPELLA.<br>PRESIDENTE DO CVMARJ.<\/p>\n\n\n\n<p><\/p>\n","protected":false},"excerpt":{"rendered":"<p>ATUALIZADO EM 21\/03\/2022. 9\/04\/22, S\u00c1BADO: PORT\u00d5ES ABERTOS NA SEDE EM TUBIACANGA 12\/04\/22, TER\u00c7A FEIRA: PASSAGEM DE COMANDO AMAN. 13\/04\/22, QUARTA FEIRA: PASSAGEM DE COMANDO DPHCEX. 14\/04\/22, QUINTA FEIRA: ANIVERS\u00c1RIO DO GRUPO HIST\u00d3RICO LIBERTADORES DE MONTESE. 17\/04\/22, DOMINGO: REUNI\u00c3O MENSAL NO MUSEU MILITAR CONDE DE LINHARES. 26\/04\/22, TER\u00c7A FEIRA: PASSAGEM DE COMANDO DA BRIGADA PARAQUEDISTA. 30\/04\/22,&hellip;&nbsp;<a href=\"https:\/\/cvmarj.org.br\/site\/index.php\/2022\/03\/19\/marco-2022\/\" class=\"\" rel=\"bookmark\">Ler mais &raquo;<span class=\"screen-reader-text\">Mar\u00e7o 2022<\/span><\/a><\/p>\n","protected":false},"author":1,"featured_media":0,"comment_status":"closed","ping_status":"closed","sticky":false,"template":"","format":"standard","meta":{"neve_meta_sidebar":"","neve_meta_container":"","neve_meta_enable_content_width":"","neve_meta_content_width":0,"neve_meta_title_alignment":"","neve_meta_author_avatar":"","neve_post_elements_order":"","neve_meta_disable_header":"","neve_meta_disable_footer":"","neve_meta_disable_title":"","footnotes":""},"categories":[7],"tags":[],"_links":{"self":[{"href":"https:\/\/cvmarj.org.br\/site\/index.php\/wp-json\/wp\/v2\/posts\/2927"}],"collection":[{"href":"https:\/\/cvmarj.org.br\/site\/index.php\/wp-json\/wp\/v2\/posts"}],"about":[{"href":"https:\/\/cvmarj.org.br\/site\/index.php\/wp-json\/wp\/v2\/types\/post"}],"author":[{"embeddable":true,"href":"https:\/\/cvmarj.org.br\/site\/index.php\/wp-json\/wp\/v2\/users\/1"}],"replies":[{"embeddable":true,"href":"https:\/\/cvmarj.org.br\/site\/index.php\/wp-json\/wp\/v2\/comments?post=2927"}],"version-history":[{"count":2,"href":"https:\/\/cvmarj.org.br\/site\/index.php\/wp-json\/wp\/v2\/posts\/2927\/revisions"}],"predecessor-version":[{"id":2929,"href":"https:\/\/cvmarj.org.br\/site\/index.php\/wp-json\/wp\/v2\/posts\/2927\/revisions\/2929"}],"wp:attachment":[{"href":"https:\/\/cvmarj.org.br\/site\/index.php\/wp-json\/wp\/v2\/media?parent=2927"}],"wp:term":[{"taxonomy":"category","embeddable":true,"href":"https:\/\/cvmarj.org.br\/site\/index.php\/wp-json\/wp\/v2\/categories?post=2927"},{"taxonomy":"post_tag","embeddable":true,"href":"https:\/\/cvmarj.org.br\/site\/index.php\/wp-json\/wp\/v2\/tags?post=2927"}],"curies":[{"name":"wp","href":"https:\/\/api.w.org\/{rel}","templated":true}]}}