{"id":2930,"date":"2022-03-22T00:26:30","date_gmt":"2022-03-22T03:26:30","guid":{"rendered":"https:\/\/cvmarj.org.br\/site\/?p=2930"},"modified":"2022-04-06T14:16:23","modified_gmt":"2022-04-06T17:16:23","slug":"abril-2022","status":"publish","type":"post","link":"https:\/\/cvmarj.org.br\/site\/index.php\/2022\/03\/22\/abril-2022\/","title":{"rendered":"Abril 2022"},"content":{"rendered":"\n<p>ATUALIZADO EM 06\/04\/2022.<\/p>\n\n\n\n<ul><li>9\/04\/22, S\u00c1BADO: PORT\u00d5ES ABERTOS NA SEDE EM TUBIACANGA.<\/li><li>10\/04\/22, DOMINGO: ENCONTRO DE MOTOS CL\u00c1SSICAS: PRAIA DA BICA, NA ILHA DO GOVERNADOR.<\/li><li>11\/04\/22, SEGUNDA FEIRA, PASSAGEM DE COMANDO DA A\/D 1.<\/li><li>12\/04\/22, TER\u00c7A FEIRA: PASSAGEM DE COMANDO AMAN.<\/li><li>13\/04\/22, QUARTA FEIRA: PASSAGEM DE COMANDO DPHCEX.<\/li><li>14\/04\/22, QUINTA FEIRA: ANIVERS\u00c1RIO DO GRUPO HIST\u00d3RICO LIBERTADORES DE MONTESE.<\/li><li>14\/04\/22, QUINTA FEIRA, 11\u00b0 GAC, VILA MILITAR, SOLENIDADE COMEMORATIVA DA TOMADA DE MONTESE, EXPOSI\u00c7\u00c3O DE MEIOS MILITARES ANTIGOS.<\/li><li>17\/04\/22, DOMINGO: REUNI\u00c3O MENSAL NO MUSEU MILITAR CONDE DE LINHARES, EXPOSI\u00c7\u00c3O DE MEIOS MILITARES ANTIGOS.<\/li><li>18\/04\/23, SEGUNDA FEIRA, ANIVERS\u00c1RIO DO 21\u00b0 GAC, NITEROI, EXPOSI\u00c7\u00c3O DE VIATURAS MILITARES ANTIGAS: DISPOSITIVO PRONTO, 09:30 H.<\/li><li>22\/04\/2022, SEXTA FEIRA: DIA DA AVIA\u00c7\u00c3O DE CA\u00c7A, BASE A\u00c9REA DE SANTA CRUZ.<\/li><li>26\/04\/22, TER\u00c7A FEIRA: PASSAGEM DE COMANDO DA BRIGADA PARAQUEDISTA.<\/li><\/ul>\n\n\n\n<p>OBSERVA\u00c7\u00c3O: PROGRAMA\u00c7\u00c3O PODE SOFRER ALTERA\u00c7\u00d5ES.<\/p>\n","protected":false},"excerpt":{"rendered":"<p>ATUALIZADO EM 06\/04\/2022. 9\/04\/22, S\u00c1BADO: PORT\u00d5ES ABERTOS NA SEDE EM TUBIACANGA. 10\/04\/22, DOMINGO: ENCONTRO DE MOTOS CL\u00c1SSICAS: PRAIA DA BICA, NA ILHA DO GOVERNADOR. 11\/04\/22, SEGUNDA FEIRA, PASSAGEM DE COMANDO DA A\/D 1. 12\/04\/22, TER\u00c7A FEIRA: PASSAGEM DE COMANDO AMAN. 13\/04\/22, QUARTA FEIRA: PASSAGEM DE COMANDO DPHCEX. 14\/04\/22, QUINTA FEIRA: ANIVERS\u00c1RIO DO GRUPO HIST\u00d3RICO LIBERTADORES&hellip;&nbsp;<a href=\"https:\/\/cvmarj.org.br\/site\/index.php\/2022\/03\/22\/abril-2022\/\" class=\"\" rel=\"bookmark\">Ler mais &raquo;<span class=\"screen-reader-text\">Abril 2022<\/span><\/a><\/p>\n","protected":false},"author":1,"featured_media":0,"comment_status":"closed","ping_status":"closed","sticky":false,"template":"","format":"standard","meta":{"neve_meta_sidebar":"","neve_meta_container":"","neve_meta_enable_content_width":"","neve_meta_content_width":0,"neve_meta_title_alignment":"","neve_meta_author_avatar":"","neve_post_elements_order":"","neve_meta_disable_header":"","neve_meta_disable_footer":"","neve_meta_disable_title":"","footnotes":""},"categories":[7],"tags":[],"_links":{"self":[{"href":"https:\/\/cvmarj.org.br\/site\/index.php\/wp-json\/wp\/v2\/posts\/2930"}],"collection":[{"href":"https:\/\/cvmarj.org.br\/site\/index.php\/wp-json\/wp\/v2\/posts"}],"about":[{"href":"https:\/\/cvmarj.org.br\/site\/index.php\/wp-json\/wp\/v2\/types\/post"}],"author":[{"embeddable":true,"href":"https:\/\/cvmarj.org.br\/site\/index.php\/wp-json\/wp\/v2\/users\/1"}],"replies":[{"embeddable":true,"href":"https:\/\/cvmarj.org.br\/site\/index.php\/wp-json\/wp\/v2\/comments?post=2930"}],"version-history":[{"count":6,"href":"https:\/\/cvmarj.org.br\/site\/index.php\/wp-json\/wp\/v2\/posts\/2930\/revisions"}],"predecessor-version":[{"id":3112,"href":"https:\/\/cvmarj.org.br\/site\/index.php\/wp-json\/wp\/v2\/posts\/2930\/revisions\/3112"}],"wp:attachment":[{"href":"https:\/\/cvmarj.org.br\/site\/index.php\/wp-json\/wp\/v2\/media?parent=2930"}],"wp:term":[{"taxonomy":"category","embeddable":true,"href":"https:\/\/cvmarj.org.br\/site\/index.php\/wp-json\/wp\/v2\/categories?post=2930"},{"taxonomy":"post_tag","embeddable":true,"href":"https:\/\/cvmarj.org.br\/site\/index.php\/wp-json\/wp\/v2\/tags?post=2930"}],"curies":[{"name":"wp","href":"https:\/\/api.w.org\/{rel}","templated":true}]}}