{"id":2932,"date":"2022-03-22T00:29:04","date_gmt":"2022-03-22T03:29:04","guid":{"rendered":"https:\/\/cvmarj.org.br\/site\/?p=2932"},"modified":"2022-03-22T00:29:06","modified_gmt":"2022-03-22T03:29:06","slug":"lembranca-02","status":"publish","type":"post","link":"https:\/\/cvmarj.org.br\/site\/index.php\/2022\/03\/22\/lembranca-02\/","title":{"rendered":"Lembran\u00e7a 02"},"content":{"rendered":"\n<p>Em 1971, eu j\u00e1 tinha feito o curso de Guerra na S elva, GS563, e no 7 de setembro desfilava como porta bandeira da 12 CiaMB.<\/p>\n\n\n\n<p>Enquanto isto, a minha esposa foi com 2 casais amigos at\u00e9 a Praia Negra.<\/p>\n\n\n\n<p>Na \u00e9poca era uma regi\u00e3o virgem e paradis\u00edaca.<\/p>\n\n\n\n<p>\u00c0 noite ela come\u00e7ou a ter febre alta, o que era surpreendente, pois nada havia para que isto fosse poss\u00edvel.<\/p>\n\n\n\n<p>No dia seguinte, eu aproveitando os conhecimentos do Curso de Guerra na Selva, julguei que ela tivesse pego mal\u00e1ria em Ponta Negra.<\/p>\n\n\n\n<p>Ela duvidou, mas mesmo a contra gosto, admitiu irmos at\u00e9 o CEM (Centro de Erradica\u00e7\u00e3o da Malaria) . L\u00e1 foi comprovada a Mal\u00e1ria Falciparum que \u00e9 mortal, mas cura de vez, uma hora que seja tratada imediatamente.<\/p>\n\n\n\n<p>Sai \u00e0 noite para procurar um restaurante que vendesse caldo de galinha, pois ela rejeitava toda comida.<\/p>\n\n\n\n<p>No Domingo, sentado na varanda com fisionomia triste, veio meu vizinho de frente, o Maj Felipe (apelido Pinho) e perguntou o que estava acontecendo.<\/p>\n\n\n\n<p>Eu disse, e ele me perguntou quem a estava tratando. Eu disse: eu.<\/p>\n\n\n\n<p>Ele imediatamente saiu, pegou a esposa, tamb\u00e9m nossa amiga, e buscou o maior especialista em doen\u00e7as tropicais de Manaus.<\/p>\n\n\n\n<p>O m\u00e9dico ent\u00e3o me inquiriu se tinha ido ao CEM. Disse sim e mostrei o resultado de positivo, Ele me perguntou se tinha confirmado o exame.<\/p>\n\n\n\n<p>Mostrei a segunda papeleta confirmando.<\/p>\n\n\n\n<p>Ele perguntou como estava tratando.<\/p>\n\n\n\n<p>Respondi com cloroquina e a posologia.<\/p>\n\n\n\n<p>Ent\u00e3o peguntou se eu tinha mandado dedetizar a rua.<\/p>\n\n\n\n<p>Disse que sim, e mostrei a c\u00f3pia da solicita\u00e7\u00e3o.<\/p>\n\n\n\n<p>Ele, ent\u00e3o falou parab\u00e9ns doutor, e virando para o Maj Felipe e esposa disse: _ Nada mais eu tenho que fazer aqui. Ela est\u00e1 em muitas boas m\u00e3os.<\/p>\n\n\n\n<p>Ela, em 4 dias, estava pronta para outra.<\/p>\n","protected":false},"excerpt":{"rendered":"<p>Em 1971, eu j\u00e1 tinha feito o curso de Guerra na S elva, GS563, e no 7 de setembro desfilava como porta bandeira da 12 CiaMB. Enquanto isto, a minha esposa foi com 2 casais amigos at\u00e9 a Praia Negra. Na \u00e9poca era uma regi\u00e3o virgem e paradis\u00edaca. \u00c0 noite ela come\u00e7ou a ter febre&hellip;&nbsp;<a href=\"https:\/\/cvmarj.org.br\/site\/index.php\/2022\/03\/22\/lembranca-02\/\" class=\"\" rel=\"bookmark\">Ler mais &raquo;<span class=\"screen-reader-text\">Lembran\u00e7a 02<\/span><\/a><\/p>\n","protected":false},"author":1,"featured_media":2887,"comment_status":"closed","ping_status":"closed","sticky":false,"template":"","format":"standard","meta":{"neve_meta_sidebar":"","neve_meta_container":"","neve_meta_enable_content_width":"","neve_meta_content_width":0,"neve_meta_title_alignment":"","neve_meta_author_avatar":"","neve_post_elements_order":"","neve_meta_disable_header":"","neve_meta_disable_footer":"","neve_meta_disable_title":"","footnotes":""},"categories":[16],"tags":[],"_links":{"self":[{"href":"https:\/\/cvmarj.org.br\/site\/index.php\/wp-json\/wp\/v2\/posts\/2932"}],"collection":[{"href":"https:\/\/cvmarj.org.br\/site\/index.php\/wp-json\/wp\/v2\/posts"}],"about":[{"href":"https:\/\/cvmarj.org.br\/site\/index.php\/wp-json\/wp\/v2\/types\/post"}],"author":[{"embeddable":true,"href":"https:\/\/cvmarj.org.br\/site\/index.php\/wp-json\/wp\/v2\/users\/1"}],"replies":[{"embeddable":true,"href":"https:\/\/cvmarj.org.br\/site\/index.php\/wp-json\/wp\/v2\/comments?post=2932"}],"version-history":[{"count":1,"href":"https:\/\/cvmarj.org.br\/site\/index.php\/wp-json\/wp\/v2\/posts\/2932\/revisions"}],"predecessor-version":[{"id":2933,"href":"https:\/\/cvmarj.org.br\/site\/index.php\/wp-json\/wp\/v2\/posts\/2932\/revisions\/2933"}],"wp:featuredmedia":[{"embeddable":true,"href":"https:\/\/cvmarj.org.br\/site\/index.php\/wp-json\/wp\/v2\/media\/2887"}],"wp:attachment":[{"href":"https:\/\/cvmarj.org.br\/site\/index.php\/wp-json\/wp\/v2\/media?parent=2932"}],"wp:term":[{"taxonomy":"category","embeddable":true,"href":"https:\/\/cvmarj.org.br\/site\/index.php\/wp-json\/wp\/v2\/categories?post=2932"},{"taxonomy":"post_tag","embeddable":true,"href":"https:\/\/cvmarj.org.br\/site\/index.php\/wp-json\/wp\/v2\/tags?post=2932"}],"curies":[{"name":"wp","href":"https:\/\/api.w.org\/{rel}","templated":true}]}}