{"id":2980,"date":"2022-03-31T09:40:37","date_gmt":"2022-03-31T12:40:37","guid":{"rendered":"https:\/\/cvmarj.org.br\/site\/?p=2980"},"modified":"2022-03-31T10:46:43","modified_gmt":"2022-03-31T13:46:43","slug":"campo-cvmarj","status":"publish","type":"post","link":"https:\/\/cvmarj.org.br\/site\/index.php\/2022\/03\/31\/campo-cvmarj\/","title":{"rendered":"Campo CVMARJ"},"content":{"rendered":"\n<p>RJ, RJ, 31\/03\/2022.<\/p>\n\n\n\n<p>BOM DIA.<\/p>\n\n\n\n<p>INFORMO QUE A RIOGALE\u00c2O, J\u00c1 INICIOU O TRABALHO DE LIMPEZA DO TERRENO DO SAR 28, AGORA DENOMINADO &#8220;CAMPO CVMARJ&#8221;, ONDE SER\u00c1 INSTALADA A NOVA SEDE DO  CLUBE.<\/p>\n\n\n\n<p>PRECISAMOS UNIR FOR\u00c7AS PARA TORNAR O LUGAR COMO UMA REFER\u00caNCIA NO NOSSO SEGMENTO.<\/p>\n\n\n\n<p>DIA 09\/04\/22, TEMOS ATIVIDADE NA SEDE ATUAL, COM VISITA\u00c7\u00c3O E TRABALHO NAS NOVAS INSTALA\u00c7\u00d5ES.<\/p>\n\n\n\n<p>CONTAMOS COM A AJUDA E PARTICIPA\u00c7\u00c3O DOS S\u00d3CIOS, FAMILIARES, AMIGOS E PARCEIROS DO  CVMARJ!<\/p>\n\n\n\n<p>AT.<\/p>\n\n\n\n<p>S\u00c9RGIO CAPELLA.<\/p>\n\n\n\n<figure class=\"wp-block-gallery has-nested-images columns-default is-cropped wp-block-gallery-1 is-layout-flex wp-block-gallery-is-layout-flex\">\n<figure class=\"wp-block-image size-large\"><img fetchpriority=\"high\" decoding=\"async\" width=\"473\" height=\"1024\" data-id=\"2993\" src=\"https:\/\/cvmarj.org.br\/site\/wp-content\/uploads\/2022\/03\/f102897f-d5ce-4973-b43d-8bd954a81a55-473x1024.jpg\" alt=\"\" class=\"wp-image-2993\" srcset=\"https:\/\/cvmarj.org.br\/site\/wp-content\/uploads\/2022\/03\/f102897f-d5ce-4973-b43d-8bd954a81a55-473x1024.jpg 473w, https:\/\/cvmarj.org.br\/site\/wp-content\/uploads\/2022\/03\/f102897f-d5ce-4973-b43d-8bd954a81a55-138x300.jpg 138w, https:\/\/cvmarj.org.br\/site\/wp-content\/uploads\/2022\/03\/f102897f-d5ce-4973-b43d-8bd954a81a55.jpg 540w\" sizes=\"(max-width: 473px) 100vw, 473px\" \/><\/figure>\n\n\n\n<figure class=\"wp-block-image size-large\"><img decoding=\"async\" width=\"473\" height=\"1024\" data-id=\"2991\" src=\"https:\/\/cvmarj.org.br\/site\/wp-content\/uploads\/2022\/03\/2ea7c0c7-4dc0-4268-9675-268a36bc23bb-473x1024.jpg\" alt=\"\" class=\"wp-image-2991\" srcset=\"https:\/\/cvmarj.org.br\/site\/wp-content\/uploads\/2022\/03\/2ea7c0c7-4dc0-4268-9675-268a36bc23bb-473x1024.jpg 473w, https:\/\/cvmarj.org.br\/site\/wp-content\/uploads\/2022\/03\/2ea7c0c7-4dc0-4268-9675-268a36bc23bb-138x300.jpg 138w, https:\/\/cvmarj.org.br\/site\/wp-content\/uploads\/2022\/03\/2ea7c0c7-4dc0-4268-9675-268a36bc23bb.jpg 540w\" sizes=\"(max-width: 473px) 100vw, 473px\" \/><\/figure>\n\n\n\n<figure class=\"wp-block-image size-large\"><img decoding=\"async\" width=\"957\" height=\"1024\" data-id=\"2992\" src=\"https:\/\/cvmarj.org.br\/site\/wp-content\/uploads\/2022\/03\/6143078e-58ce-4104-9632-f59d63241a7a-957x1024.jpg\" alt=\"\" class=\"wp-image-2992\" srcset=\"https:\/\/cvmarj.org.br\/site\/wp-content\/uploads\/2022\/03\/6143078e-58ce-4104-9632-f59d63241a7a-957x1024.jpg 957w, https:\/\/cvmarj.org.br\/site\/wp-content\/uploads\/2022\/03\/6143078e-58ce-4104-9632-f59d63241a7a-280x300.jpg 280w, https:\/\/cvmarj.org.br\/site\/wp-content\/uploads\/2022\/03\/6143078e-58ce-4104-9632-f59d63241a7a-768x822.jpg 768w, https:\/\/cvmarj.org.br\/site\/wp-content\/uploads\/2022\/03\/6143078e-58ce-4104-9632-f59d63241a7a.jpg 1196w\" sizes=\"(max-width: 957px) 100vw, 957px\" \/><\/figure>\n<\/figure>\n\n\n\n<p>PRESIDENTE DO CVMARJ.<\/p>\n","protected":false},"excerpt":{"rendered":"<p>RJ, RJ, 31\/03\/2022. BOM DIA. INFORMO QUE A RIOGALE\u00c2O, J\u00c1 INICIOU O TRABALHO DE LIMPEZA DO TERRENO DO SAR 28, AGORA DENOMINADO &#8220;CAMPO CVMARJ&#8221;, ONDE SER\u00c1 INSTALADA A NOVA SEDE DO CLUBE. PRECISAMOS UNIR FOR\u00c7AS PARA TORNAR O LUGAR COMO UMA REFER\u00caNCIA NO NOSSO SEGMENTO. DIA 09\/04\/22, TEMOS ATIVIDADE NA SEDE ATUAL, COM VISITA\u00c7\u00c3O E&hellip;&nbsp;<a href=\"https:\/\/cvmarj.org.br\/site\/index.php\/2022\/03\/31\/campo-cvmarj\/\" class=\"\" rel=\"bookmark\">Ler mais &raquo;<span class=\"screen-reader-text\">Campo CVMARJ<\/span><\/a><\/p>\n","protected":false},"author":1,"featured_media":2992,"comment_status":"closed","ping_status":"closed","sticky":false,"template":"","format":"standard","meta":{"neve_meta_sidebar":"","neve_meta_container":"","neve_meta_enable_content_width":"","neve_meta_content_width":0,"neve_meta_title_alignment":"","neve_meta_author_avatar":"","neve_post_elements_order":"","neve_meta_disable_header":"","neve_meta_disable_footer":"","neve_meta_disable_title":"","footnotes":""},"categories":[9],"tags":[],"_links":{"self":[{"href":"https:\/\/cvmarj.org.br\/site\/index.php\/wp-json\/wp\/v2\/posts\/2980"}],"collection":[{"href":"https:\/\/cvmarj.org.br\/site\/index.php\/wp-json\/wp\/v2\/posts"}],"about":[{"href":"https:\/\/cvmarj.org.br\/site\/index.php\/wp-json\/wp\/v2\/types\/post"}],"author":[{"embeddable":true,"href":"https:\/\/cvmarj.org.br\/site\/index.php\/wp-json\/wp\/v2\/users\/1"}],"replies":[{"embeddable":true,"href":"https:\/\/cvmarj.org.br\/site\/index.php\/wp-json\/wp\/v2\/comments?post=2980"}],"version-history":[{"count":3,"href":"https:\/\/cvmarj.org.br\/site\/index.php\/wp-json\/wp\/v2\/posts\/2980\/revisions"}],"predecessor-version":[{"id":2994,"href":"https:\/\/cvmarj.org.br\/site\/index.php\/wp-json\/wp\/v2\/posts\/2980\/revisions\/2994"}],"wp:featuredmedia":[{"embeddable":true,"href":"https:\/\/cvmarj.org.br\/site\/index.php\/wp-json\/wp\/v2\/media\/2992"}],"wp:attachment":[{"href":"https:\/\/cvmarj.org.br\/site\/index.php\/wp-json\/wp\/v2\/media?parent=2980"}],"wp:term":[{"taxonomy":"category","embeddable":true,"href":"https:\/\/cvmarj.org.br\/site\/index.php\/wp-json\/wp\/v2\/categories?post=2980"},{"taxonomy":"post_tag","embeddable":true,"href":"https:\/\/cvmarj.org.br\/site\/index.php\/wp-json\/wp\/v2\/tags?post=2980"}],"curies":[{"name":"wp","href":"https:\/\/api.w.org\/{rel}","templated":true}]}}