{"id":3091,"date":"2022-04-06T12:16:50","date_gmt":"2022-04-06T15:16:50","guid":{"rendered":"https:\/\/cvmarj.org.br\/site\/?p=3091"},"modified":"2022-04-06T12:18:03","modified_gmt":"2022-04-06T15:18:03","slug":"censo-permanente-da-feb-atualizacao-de-04-04-2022","status":"publish","type":"post","link":"https:\/\/cvmarj.org.br\/site\/index.php\/2022\/04\/06\/censo-permanente-da-feb-atualizacao-de-04-04-2022\/","title":{"rendered":"CENSO PERMANENTE DA FEB (atualiza\u00e7\u00e3o de 04\/04\/2022)"},"content":{"rendered":"\n<p>106 veteranos vivos e 111 veteranos falecidos durante a pesquisa (desde 01\/04\/2020).<\/p>\n\n\n\n<p>Consulte a listagem detalhada e os dados biogr\u00e1ficos de cada veterano no endere\u00e7o eletr\u00f4nico abaixo.<\/p>\n\n\n\n<p>Contribua com dados de veteranos conhecidos, fortale\u00e7a os la\u00e7os neste esfor\u00e7o de mem\u00f3ria dos \u00faltimos representantes destes atos her\u00f3icos.<\/p>\n\n\n\n<p>Esta \u00e9 uma pesquisa incompleta ainda em andamento, em constante atualiza\u00e7\u00e3o. Se perceber um erro ou uma falta, por favor, informe e colabore!<\/p>\n\n\n\n<p>Como informa\u00e7\u00e3o complementar fornecida pelo Museu da Vit\u00f3ria Brigadeiro Nero Moura, divulgamos os quatro \u00faltimos veteranos vivos do 1\u00b0 Grupo de Avia\u00e7\u00e3o de Ca\u00e7a da FAB.<\/p>\n\n\n\n<p><a href=\"https:\/\/www.casadafeb.com\/censo-da-feb-2020\">https:\/\/www.casadafeb.com\/censo-da-feb-2020<\/a><\/p>\n","protected":false},"excerpt":{"rendered":"<p>106 veteranos vivos e 111 veteranos falecidos durante a pesquisa (desde 01\/04\/2020). Consulte a listagem detalhada e os dados biogr\u00e1ficos de cada veterano no endere\u00e7o eletr\u00f4nico abaixo. Contribua com dados de veteranos conhecidos, fortale\u00e7a os la\u00e7os neste esfor\u00e7o de mem\u00f3ria dos \u00faltimos representantes destes atos her\u00f3icos. Esta \u00e9 uma pesquisa incompleta ainda em andamento, em&hellip;&nbsp;<a href=\"https:\/\/cvmarj.org.br\/site\/index.php\/2022\/04\/06\/censo-permanente-da-feb-atualizacao-de-04-04-2022\/\" class=\"\" rel=\"bookmark\">Ler mais &raquo;<span class=\"screen-reader-text\">CENSO PERMANENTE DA FEB (atualiza\u00e7\u00e3o de 04\/04\/2022)<\/span><\/a><\/p>\n","protected":false},"author":1,"featured_media":3092,"comment_status":"closed","ping_status":"closed","sticky":false,"template":"","format":"standard","meta":{"neve_meta_sidebar":"","neve_meta_container":"","neve_meta_enable_content_width":"","neve_meta_content_width":0,"neve_meta_title_alignment":"center","neve_meta_author_avatar":"","neve_post_elements_order":"[\"title\",\"meta\",\"content\",\"tags\",\"comments\"]","neve_meta_disable_header":"","neve_meta_disable_footer":"","neve_meta_disable_title":"","footnotes":""},"categories":[9],"tags":[],"_links":{"self":[{"href":"https:\/\/cvmarj.org.br\/site\/index.php\/wp-json\/wp\/v2\/posts\/3091"}],"collection":[{"href":"https:\/\/cvmarj.org.br\/site\/index.php\/wp-json\/wp\/v2\/posts"}],"about":[{"href":"https:\/\/cvmarj.org.br\/site\/index.php\/wp-json\/wp\/v2\/types\/post"}],"author":[{"embeddable":true,"href":"https:\/\/cvmarj.org.br\/site\/index.php\/wp-json\/wp\/v2\/users\/1"}],"replies":[{"embeddable":true,"href":"https:\/\/cvmarj.org.br\/site\/index.php\/wp-json\/wp\/v2\/comments?post=3091"}],"version-history":[{"count":2,"href":"https:\/\/cvmarj.org.br\/site\/index.php\/wp-json\/wp\/v2\/posts\/3091\/revisions"}],"predecessor-version":[{"id":3094,"href":"https:\/\/cvmarj.org.br\/site\/index.php\/wp-json\/wp\/v2\/posts\/3091\/revisions\/3094"}],"wp:featuredmedia":[{"embeddable":true,"href":"https:\/\/cvmarj.org.br\/site\/index.php\/wp-json\/wp\/v2\/media\/3092"}],"wp:attachment":[{"href":"https:\/\/cvmarj.org.br\/site\/index.php\/wp-json\/wp\/v2\/media?parent=3091"}],"wp:term":[{"taxonomy":"category","embeddable":true,"href":"https:\/\/cvmarj.org.br\/site\/index.php\/wp-json\/wp\/v2\/categories?post=3091"},{"taxonomy":"post_tag","embeddable":true,"href":"https:\/\/cvmarj.org.br\/site\/index.php\/wp-json\/wp\/v2\/tags?post=3091"}],"curies":[{"name":"wp","href":"https:\/\/api.w.org\/{rel}","templated":true}]}}