{"id":3107,"date":"2022-04-06T12:35:27","date_gmt":"2022-04-06T15:35:27","guid":{"rendered":"https:\/\/cvmarj.org.br\/site\/?p=3107"},"modified":"2022-07-08T11:47:13","modified_gmt":"2022-07-08T14:47:13","slug":"lembranca-04","status":"publish","type":"post","link":"https:\/\/cvmarj.org.br\/site\/index.php\/2022\/04\/06\/lembranca-04\/","title":{"rendered":"Lembran\u00e7a 04"},"content":{"rendered":"\n<p>Corria o ano de 1969.<\/p>\n\n\n\n<p>Eu era 2\u00b0 Ten, e servia na 12^ Cia MB, rec\u00e9m criada em Manaus.<\/p>\n\n\n\n<p>Em Cucui, comandava o Pelot\u00e3o, um colega da turma 67 de Inf, o Rodrigues.<\/p>\n\n\n\n<p>N\u00e3o havia internet, sat\u00e9lite ou outro qualquer meio de comunica\u00e7\u00e3o n\u00e3o fora um r\u00e1dio.<\/p>\n\n\n\n<p>O Pelot\u00e3o estava sem m\u00e9dico.<\/p>\n\n\n\n<p>Havia na \u00e9poca uma tal de MMI ( miss\u00e3o de miseric\u00f3rdia) da FAB, que em qualquer circunst\u00e2ncia abandonava a miss\u00e3o em que estava e ia atander a MMI.<\/p>\n\n\n\n<p>Em Cucui, o Ten Rodrigues comunicou que l\u00e1 havia um caso de ap\u00eandice supurada.<\/p>\n\n\n\n<p>O avi\u00e3o mais pr\u00f3ximo estava em Bel\u00e9m.<\/p>\n\n\n\n<p>S\u00f3 amerrisava na \u00e1rea Catalina ou Albatroz.<\/p>\n\n\n\n<p>Ent\u00e3o rapidamente, como tudo no CMA, foi reunido na sala do radio, o qual eu fiquei encarregado, uma equipe de m\u00e9dicos e anestesista do HGeMa, com seu ferramental.<\/p>\n\n\n\n<p>Eles pediram para o Rodrigues descrever a sala em que estava.<\/p>\n\n\n\n<p>Isto tudo feito por radio.<\/p>\n\n\n\n<p>Em Cucui havia todo equipamento para opera\u00e7\u00e3o.<\/p>\n\n\n\n<p>Na mesa do lado de c\u00e1 pegava-se um instrumento e colocava-se na mesa e descrito o instrumento para o Tenente Rodrigues, ele fazia o mesmo no lado de l\u00e1.<\/p>\n\n\n\n<p>O instrumento era ent\u00e3o numerado por 1.<\/p>\n\n\n\n<p>Assim foram feitos por tudo que os m\u00e9dicos e anestesista necessitariam.<\/p>\n\n\n\n<p>Ap\u00f3s isto, na cama do lado de c\u00e1, foi colocado um militar na mesma posi\u00e7\u00e3o que estava o paciente do lado de l\u00e1.<\/p>\n\n\n\n<p>Come\u00e7ou a opera\u00e7\u00e3o por ordens do anestecista.<\/p>\n\n\n\n<p>Para ficar mais real, at\u00e9 o militar do lado de c\u00e1 foi anestesiado.<\/p>\n\n\n\n<p>Ap\u00f3s, entraram os m\u00e9dicos em a\u00e7\u00e3o, que at\u00e9 m\u00e1scara e avental estavam.<\/p>\n\n\n\n<p>At\u00e9 eu, pois tinha o cara que operava o radio do lado de l\u00e1 como meu espelho.<\/p>\n\n\n\n<p>A opera\u00e7\u00e3o foi se seguindo, desde a marca\u00e7\u00e3o com merc\u00fario cromo , tanto do lado de l\u00e1 como lado de c\u00e1, aonde seria feito o corte com bisturi.<\/p>\n\n\n\n<p>Toda opera\u00e7\u00e3o remota, feita pela primeira vez no Brasil transcorreu sem acidentes.<\/p>\n\n\n\n<p>Nota, o militar do lado de c\u00e1, n\u00e3o foi operado.<\/p>\n\n\n\n<p>Tudo deu certo e foi salvo o paciente.<\/p>\n\n\n\n<p>Duvido que exista hoje, nos nossos anais, qualquer men\u00e7\u00e3o ao fato.<\/p>\n\n\n\n<p>Ah! O Rodrigues mais tarde fez uma cesariana, mas esta eu n\u00e3o participei.<\/p>\n\n\n\n<p><\/p>\n\n\n\n<p>Gen Bda Eng Mil Veterano Iber\u00ea Mariano da Silva \u2013 Engenheiro Eletr\u00f4nico e Nuclear \u2013 AMAN \u2013 CPEAEX &#8212; \u00a0Turma 1967 \u2013 Material B\u00e9lico<\/p>\n","protected":false},"excerpt":{"rendered":"<p>Corria o ano de 1969. Eu era 2\u00b0 Ten, e servia na 12^ Cia MB, rec\u00e9m criada em Manaus. Em Cucui, comandava o Pelot\u00e3o, um colega da turma 67 de Inf, o Rodrigues. N\u00e3o havia internet, sat\u00e9lite ou outro qualquer meio de comunica\u00e7\u00e3o n\u00e3o fora um r\u00e1dio. O Pelot\u00e3o estava sem m\u00e9dico. Havia na \u00e9poca&hellip;&nbsp;<a href=\"https:\/\/cvmarj.org.br\/site\/index.php\/2022\/04\/06\/lembranca-04\/\" class=\"\" rel=\"bookmark\">Ler mais &raquo;<span class=\"screen-reader-text\">Lembran\u00e7a 04<\/span><\/a><\/p>\n","protected":false},"author":1,"featured_media":2887,"comment_status":"closed","ping_status":"closed","sticky":false,"template":"","format":"standard","meta":{"neve_meta_sidebar":"","neve_meta_container":"","neve_meta_enable_content_width":"","neve_meta_content_width":0,"neve_meta_title_alignment":"","neve_meta_author_avatar":"","neve_post_elements_order":"[\"title\",\"meta\",\"thumbnail\",\"content\",\"tags\",\"comments\"]","neve_meta_disable_header":"","neve_meta_disable_footer":"","neve_meta_disable_title":"","footnotes":""},"categories":[16],"tags":[],"_links":{"self":[{"href":"https:\/\/cvmarj.org.br\/site\/index.php\/wp-json\/wp\/v2\/posts\/3107"}],"collection":[{"href":"https:\/\/cvmarj.org.br\/site\/index.php\/wp-json\/wp\/v2\/posts"}],"about":[{"href":"https:\/\/cvmarj.org.br\/site\/index.php\/wp-json\/wp\/v2\/types\/post"}],"author":[{"embeddable":true,"href":"https:\/\/cvmarj.org.br\/site\/index.php\/wp-json\/wp\/v2\/users\/1"}],"replies":[{"embeddable":true,"href":"https:\/\/cvmarj.org.br\/site\/index.php\/wp-json\/wp\/v2\/comments?post=3107"}],"version-history":[{"count":3,"href":"https:\/\/cvmarj.org.br\/site\/index.php\/wp-json\/wp\/v2\/posts\/3107\/revisions"}],"predecessor-version":[{"id":3827,"href":"https:\/\/cvmarj.org.br\/site\/index.php\/wp-json\/wp\/v2\/posts\/3107\/revisions\/3827"}],"wp:featuredmedia":[{"embeddable":true,"href":"https:\/\/cvmarj.org.br\/site\/index.php\/wp-json\/wp\/v2\/media\/2887"}],"wp:attachment":[{"href":"https:\/\/cvmarj.org.br\/site\/index.php\/wp-json\/wp\/v2\/media?parent=3107"}],"wp:term":[{"taxonomy":"category","embeddable":true,"href":"https:\/\/cvmarj.org.br\/site\/index.php\/wp-json\/wp\/v2\/categories?post=3107"},{"taxonomy":"post_tag","embeddable":true,"href":"https:\/\/cvmarj.org.br\/site\/index.php\/wp-json\/wp\/v2\/tags?post=3107"}],"curies":[{"name":"wp","href":"https:\/\/api.w.org\/{rel}","templated":true}]}}