{"id":3114,"date":"2022-04-08T18:26:56","date_gmt":"2022-04-08T21:26:56","guid":{"rendered":"https:\/\/cvmarj.org.br\/site\/?p=3114"},"modified":"2022-04-08T18:26:58","modified_gmt":"2022-04-08T21:26:58","slug":"atencao-segue-a-primeira-atividade-com-apresentacao","status":"publish","type":"post","link":"https:\/\/cvmarj.org.br\/site\/index.php\/2022\/04\/08\/atencao-segue-a-primeira-atividade-com-apresentacao\/","title":{"rendered":"ATEN\u00c7\u00c3O, SEGUE A PRIMEIRA ATIVIDADE COM APRESENTA\u00c7\u00c3O"},"content":{"rendered":"\n<p>ATIVIDADES MENSAIS DO CVMARJ_ ABRIL DE 2022.<\/p>\n\n\n\n<p>ATUALIZADO EM 07\/04\/2022.<\/p>\n\n\n\n<p>ATEN\u00c7\u00c3O, SEGUE A PRIMEIRA ATIVIDADE COM APRESENTA\u00c7\u00c3O DE NOSSOS MEIOS RODANTES DE ABRIL, DO CVMARJ.<br>PEDIMOS AOS S\u00d3CIOS, PARCEIROS E AMIGOS, QUE COMPARE\u00c7AM AO EVENTO DENTRO DAS SUAS DISPONIBILIDADES.<\/p>\n\n\n\n<ul><li>14\/04\/22, QUINTA FEIRA, 11\u00b0 GAC, VILA MILITAR, SOLENIDADE COMEMORATIVA DA TOMADA DE MONTESE, EXPOSI\u00c7\u00c3O DE MEIOS MILITARES ANTIGOS, CHEGADA AT\u00c9 09:00 H.<\/li><\/ul>\n\n\n\n<p>AT.<\/p>\n\n\n\n<p>S\u00c9RGIO CAPELLA.<br>PRESIDENTE DO CVMARJ.<\/p>\n","protected":false},"excerpt":{"rendered":"<p>ATIVIDADES MENSAIS DO CVMARJ_ ABRIL DE 2022. ATUALIZADO EM 07\/04\/2022. ATEN\u00c7\u00c3O, SEGUE A PRIMEIRA ATIVIDADE COM APRESENTA\u00c7\u00c3O DE NOSSOS MEIOS RODANTES DE ABRIL, DO CVMARJ.PEDIMOS AOS S\u00d3CIOS, PARCEIROS E AMIGOS, QUE COMPARE\u00c7AM AO EVENTO DENTRO DAS SUAS DISPONIBILIDADES. 14\/04\/22, QUINTA FEIRA, 11\u00b0 GAC, VILA MILITAR, SOLENIDADE COMEMORATIVA DA TOMADA DE MONTESE, EXPOSI\u00c7\u00c3O DE MEIOS MILITARES&hellip;&nbsp;<a href=\"https:\/\/cvmarj.org.br\/site\/index.php\/2022\/04\/08\/atencao-segue-a-primeira-atividade-com-apresentacao\/\" class=\"\" rel=\"bookmark\">Ler mais &raquo;<span class=\"screen-reader-text\">ATEN\u00c7\u00c3O, SEGUE A PRIMEIRA ATIVIDADE COM APRESENTA\u00c7\u00c3O<\/span><\/a><\/p>\n","protected":false},"author":1,"featured_media":0,"comment_status":"closed","ping_status":"closed","sticky":false,"template":"","format":"standard","meta":{"neve_meta_sidebar":"","neve_meta_container":"","neve_meta_enable_content_width":"","neve_meta_content_width":0,"neve_meta_title_alignment":"center","neve_meta_author_avatar":"","neve_post_elements_order":"[\"title\",\"meta\",\"thumbnail\",\"content\",\"tags\",\"comments\"]","neve_meta_disable_header":"","neve_meta_disable_footer":"","neve_meta_disable_title":"","footnotes":""},"categories":[9],"tags":[],"_links":{"self":[{"href":"https:\/\/cvmarj.org.br\/site\/index.php\/wp-json\/wp\/v2\/posts\/3114"}],"collection":[{"href":"https:\/\/cvmarj.org.br\/site\/index.php\/wp-json\/wp\/v2\/posts"}],"about":[{"href":"https:\/\/cvmarj.org.br\/site\/index.php\/wp-json\/wp\/v2\/types\/post"}],"author":[{"embeddable":true,"href":"https:\/\/cvmarj.org.br\/site\/index.php\/wp-json\/wp\/v2\/users\/1"}],"replies":[{"embeddable":true,"href":"https:\/\/cvmarj.org.br\/site\/index.php\/wp-json\/wp\/v2\/comments?post=3114"}],"version-history":[{"count":1,"href":"https:\/\/cvmarj.org.br\/site\/index.php\/wp-json\/wp\/v2\/posts\/3114\/revisions"}],"predecessor-version":[{"id":3115,"href":"https:\/\/cvmarj.org.br\/site\/index.php\/wp-json\/wp\/v2\/posts\/3114\/revisions\/3115"}],"wp:attachment":[{"href":"https:\/\/cvmarj.org.br\/site\/index.php\/wp-json\/wp\/v2\/media?parent=3114"}],"wp:term":[{"taxonomy":"category","embeddable":true,"href":"https:\/\/cvmarj.org.br\/site\/index.php\/wp-json\/wp\/v2\/categories?post=3114"},{"taxonomy":"post_tag","embeddable":true,"href":"https:\/\/cvmarj.org.br\/site\/index.php\/wp-json\/wp\/v2\/tags?post=3114"}],"curies":[{"name":"wp","href":"https:\/\/api.w.org\/{rel}","templated":true}]}}