{"id":3150,"date":"2022-04-13T19:11:50","date_gmt":"2022-04-13T22:11:50","guid":{"rendered":"https:\/\/cvmarj.org.br\/site\/?p=3150"},"modified":"2022-04-13T19:15:08","modified_gmt":"2022-04-13T22:15:08","slug":"aniversario-grupo-historico-libertadores-de-montese","status":"publish","type":"post","link":"https:\/\/cvmarj.org.br\/site\/index.php\/2022\/04\/13\/aniversario-grupo-historico-libertadores-de-montese\/","title":{"rendered":"ANIVERS\u00c1RIO GRUPO HIST\u00d3RICO LIBERTADORES DE MONTESE"},"content":{"rendered":"\n<p>Boa tarde.<br>Amanh\u00e3 temos solenidade no 11\u00b0 GAC, com chegada das vtrs e motocicletas, at\u00e9 as 08:30 h.<br>Contamos com os amigos do CVMARJ, nesse dia que tamb\u00e9m comemoramos mais um anivers\u00e1rio do GRUPO HIST\u00d3RICO LIBERTADORES DE MONTESE.<\/p>\n","protected":false},"excerpt":{"rendered":"<p>Boa tarde.Amanh\u00e3 temos solenidade no 11\u00b0 GAC, com chegada das vtrs e motocicletas, at\u00e9 as 08:30 h.Contamos com os amigos do CVMARJ, nesse dia que tamb\u00e9m comemoramos mais um anivers\u00e1rio do GRUPO HIST\u00d3RICO LIBERTADORES DE MONTESE.<\/p>\n","protected":false},"author":1,"featured_media":3153,"comment_status":"closed","ping_status":"closed","sticky":false,"template":"","format":"standard","meta":{"neve_meta_sidebar":"","neve_meta_container":"","neve_meta_enable_content_width":"","neve_meta_content_width":0,"neve_meta_title_alignment":"center","neve_meta_author_avatar":"","neve_post_elements_order":"[\"title\",\"meta\",\"content\",\"tags\",\"comments\"]","neve_meta_disable_header":"","neve_meta_disable_footer":"","neve_meta_disable_title":"","footnotes":""},"categories":[9],"tags":[],"_links":{"self":[{"href":"https:\/\/cvmarj.org.br\/site\/index.php\/wp-json\/wp\/v2\/posts\/3150"}],"collection":[{"href":"https:\/\/cvmarj.org.br\/site\/index.php\/wp-json\/wp\/v2\/posts"}],"about":[{"href":"https:\/\/cvmarj.org.br\/site\/index.php\/wp-json\/wp\/v2\/types\/post"}],"author":[{"embeddable":true,"href":"https:\/\/cvmarj.org.br\/site\/index.php\/wp-json\/wp\/v2\/users\/1"}],"replies":[{"embeddable":true,"href":"https:\/\/cvmarj.org.br\/site\/index.php\/wp-json\/wp\/v2\/comments?post=3150"}],"version-history":[{"count":1,"href":"https:\/\/cvmarj.org.br\/site\/index.php\/wp-json\/wp\/v2\/posts\/3150\/revisions"}],"predecessor-version":[{"id":3151,"href":"https:\/\/cvmarj.org.br\/site\/index.php\/wp-json\/wp\/v2\/posts\/3150\/revisions\/3151"}],"wp:featuredmedia":[{"embeddable":true,"href":"https:\/\/cvmarj.org.br\/site\/index.php\/wp-json\/wp\/v2\/media\/3153"}],"wp:attachment":[{"href":"https:\/\/cvmarj.org.br\/site\/index.php\/wp-json\/wp\/v2\/media?parent=3150"}],"wp:term":[{"taxonomy":"category","embeddable":true,"href":"https:\/\/cvmarj.org.br\/site\/index.php\/wp-json\/wp\/v2\/categories?post=3150"},{"taxonomy":"post_tag","embeddable":true,"href":"https:\/\/cvmarj.org.br\/site\/index.php\/wp-json\/wp\/v2\/tags?post=3150"}],"curies":[{"name":"wp","href":"https:\/\/api.w.org\/{rel}","templated":true}]}}