{"id":3154,"date":"2022-04-14T16:31:50","date_gmt":"2022-04-14T19:31:50","guid":{"rendered":"https:\/\/cvmarj.org.br\/site\/?p=3154"},"modified":"2022-04-14T16:31:52","modified_gmt":"2022-04-14T19:31:52","slug":"diretoria-do-patrimonio-historico-e-cultural-do-exercito","status":"publish","type":"post","link":"https:\/\/cvmarj.org.br\/site\/index.php\/2022\/04\/14\/diretoria-do-patrimonio-historico-e-cultural-do-exercito\/","title":{"rendered":"Diretoria do Patrim\u00f4nio Hist\u00f3rico e Cultural do Ex\u00e9rcito"},"content":{"rendered":"\n<p>Diretoria do Patrim\u00f4nio Hist\u00f3rico e Cultural do Ex\u00e9rcito &#8211; Ocorreu ontem 13 de abril de 2022 (quarta-feira) no Salao de Honra do CML a solenidade de transmiss\u00e3o da Dire\u00e7\u00e3o da DPHCEX, do General de Brigada CARLOS AUGUSTO RAMIRES TEIXEIRA para o General de Brigada LUCIANO ANT\u00d4NIO SIBINEL. O evento reuniu expresssivo publico e ilustres autoridades civis e militares, sendo presidido pelo Chefe do Departamento de Educa\u00e7\u00e3o e Cultura do Ex\u00e9rcito (DECEX), General de Ex\u00e9rcito ANDR\u00c9 LUIS NOVAES MIRANDA, com a presen\u00e7a dos antigos Comandantes da F\u00f4r\u00e7a Gen Gleuber Vieira e Gen Enzo Peri. Na ocasiao o Gen Ramires despediu-se do Servi\u00e7o Ativo, pronunciando uma ora\u00e7\u00e3o em que recordou seus 37 anos de servi\u00e7o e muitas missoes cumpridas. O General SIBINEL assume a DPHCEX em um momento importante para o EB e o Brasil, quando comemoramos a Tomada de Montese (14 de abril) e a Liberta\u00e7ao da Italia (25 de abril). Uma delega\u00e7\u00e3o brasileira estara na Italia de 21 a 27\/abril para o IX SENAB &#8211; Seminario sobre a 2 GM, participando tambem dos eventos alusivos. Israel Blajberg (iblaj@hotmail.com)<\/p>\n\n\n\n<figure class=\"wp-block-gallery has-nested-images columns-default is-cropped wp-block-gallery-1 is-layout-flex wp-block-gallery-is-layout-flex\">\n<figure class=\"wp-block-image size-large\"><img fetchpriority=\"high\" decoding=\"async\" width=\"1024\" height=\"768\" data-id=\"3156\" src=\"https:\/\/cvmarj.org.br\/site\/wp-content\/uploads\/2022\/04\/a07f520d-67c5-40bf-a881-141f0157814e.jpg\" alt=\"\" class=\"wp-image-3156\" srcset=\"https:\/\/cvmarj.org.br\/site\/wp-content\/uploads\/2022\/04\/a07f520d-67c5-40bf-a881-141f0157814e.jpg 1024w, https:\/\/cvmarj.org.br\/site\/wp-content\/uploads\/2022\/04\/a07f520d-67c5-40bf-a881-141f0157814e-300x225.jpg 300w, https:\/\/cvmarj.org.br\/site\/wp-content\/uploads\/2022\/04\/a07f520d-67c5-40bf-a881-141f0157814e-768x576.jpg 768w\" sizes=\"(max-width: 1024px) 100vw, 1024px\" \/><\/figure>\n\n\n\n<figure class=\"wp-block-image size-large\"><img decoding=\"async\" width=\"1024\" height=\"768\" data-id=\"3157\" src=\"https:\/\/cvmarj.org.br\/site\/wp-content\/uploads\/2022\/04\/5647d2e2-ef0b-4540-a182-1c1f62563121.jpg\" alt=\"\" class=\"wp-image-3157\" srcset=\"https:\/\/cvmarj.org.br\/site\/wp-content\/uploads\/2022\/04\/5647d2e2-ef0b-4540-a182-1c1f62563121.jpg 1024w, https:\/\/cvmarj.org.br\/site\/wp-content\/uploads\/2022\/04\/5647d2e2-ef0b-4540-a182-1c1f62563121-300x225.jpg 300w, https:\/\/cvmarj.org.br\/site\/wp-content\/uploads\/2022\/04\/5647d2e2-ef0b-4540-a182-1c1f62563121-768x576.jpg 768w\" sizes=\"(max-width: 1024px) 100vw, 1024px\" \/><\/figure>\n\n\n\n<figure class=\"wp-block-image size-large\"><img decoding=\"async\" width=\"1024\" height=\"768\" data-id=\"3162\" src=\"https:\/\/cvmarj.org.br\/site\/wp-content\/uploads\/2022\/04\/b30fcb58-dfbb-497d-bc4d-f265ba1f2a5b-1024x768.jpg\" alt=\"\" class=\"wp-image-3162\" srcset=\"https:\/\/cvmarj.org.br\/site\/wp-content\/uploads\/2022\/04\/b30fcb58-dfbb-497d-bc4d-f265ba1f2a5b-1024x768.jpg 1024w, https:\/\/cvmarj.org.br\/site\/wp-content\/uploads\/2022\/04\/b30fcb58-dfbb-497d-bc4d-f265ba1f2a5b-300x225.jpg 300w, https:\/\/cvmarj.org.br\/site\/wp-content\/uploads\/2022\/04\/b30fcb58-dfbb-497d-bc4d-f265ba1f2a5b-768x576.jpg 768w, https:\/\/cvmarj.org.br\/site\/wp-content\/uploads\/2022\/04\/b30fcb58-dfbb-497d-bc4d-f265ba1f2a5b-1536x1152.jpg 1536w, https:\/\/cvmarj.org.br\/site\/wp-content\/uploads\/2022\/04\/b30fcb58-dfbb-497d-bc4d-f265ba1f2a5b.jpg 1600w\" sizes=\"(max-width: 1024px) 100vw, 1024px\" \/><\/figure>\n\n\n\n<figure class=\"wp-block-image size-large\"><img loading=\"lazy\" decoding=\"async\" width=\"1024\" height=\"768\" data-id=\"3158\" src=\"https:\/\/cvmarj.org.br\/site\/wp-content\/uploads\/2022\/04\/6805cf4a-90ed-40b4-a83b-422da335fddb-1024x768.jpg\" alt=\"\" class=\"wp-image-3158\" srcset=\"https:\/\/cvmarj.org.br\/site\/wp-content\/uploads\/2022\/04\/6805cf4a-90ed-40b4-a83b-422da335fddb-1024x768.jpg 1024w, https:\/\/cvmarj.org.br\/site\/wp-content\/uploads\/2022\/04\/6805cf4a-90ed-40b4-a83b-422da335fddb-300x225.jpg 300w, https:\/\/cvmarj.org.br\/site\/wp-content\/uploads\/2022\/04\/6805cf4a-90ed-40b4-a83b-422da335fddb-768x576.jpg 768w, https:\/\/cvmarj.org.br\/site\/wp-content\/uploads\/2022\/04\/6805cf4a-90ed-40b4-a83b-422da335fddb-1536x1152.jpg 1536w, https:\/\/cvmarj.org.br\/site\/wp-content\/uploads\/2022\/04\/6805cf4a-90ed-40b4-a83b-422da335fddb.jpg 1600w\" sizes=\"(max-width: 1024px) 100vw, 1024px\" \/><\/figure>\n\n\n\n<figure class=\"wp-block-image size-large\"><img loading=\"lazy\" decoding=\"async\" width=\"1024\" height=\"576\" data-id=\"3159\" src=\"https:\/\/cvmarj.org.br\/site\/wp-content\/uploads\/2022\/04\/88f7fcef-27c1-43e1-95b2-d8661b1852b4-1024x576.jpg\" alt=\"\" class=\"wp-image-3159\" srcset=\"https:\/\/cvmarj.org.br\/site\/wp-content\/uploads\/2022\/04\/88f7fcef-27c1-43e1-95b2-d8661b1852b4-1024x576.jpg 1024w, https:\/\/cvmarj.org.br\/site\/wp-content\/uploads\/2022\/04\/88f7fcef-27c1-43e1-95b2-d8661b1852b4-300x169.jpg 300w, https:\/\/cvmarj.org.br\/site\/wp-content\/uploads\/2022\/04\/88f7fcef-27c1-43e1-95b2-d8661b1852b4-768x432.jpg 768w, https:\/\/cvmarj.org.br\/site\/wp-content\/uploads\/2022\/04\/88f7fcef-27c1-43e1-95b2-d8661b1852b4-1536x864.jpg 1536w, https:\/\/cvmarj.org.br\/site\/wp-content\/uploads\/2022\/04\/88f7fcef-27c1-43e1-95b2-d8661b1852b4.jpg 1600w\" sizes=\"(max-width: 1024px) 100vw, 1024px\" \/><\/figure>\n\n\n\n<figure class=\"wp-block-image size-large\"><img loading=\"lazy\" decoding=\"async\" width=\"1024\" height=\"768\" data-id=\"3160\" src=\"https:\/\/cvmarj.org.br\/site\/wp-content\/uploads\/2022\/04\/339df0ca-81ba-4967-94d9-a720f3d5df51-1024x768.jpg\" alt=\"\" class=\"wp-image-3160\" srcset=\"https:\/\/cvmarj.org.br\/site\/wp-content\/uploads\/2022\/04\/339df0ca-81ba-4967-94d9-a720f3d5df51-1024x768.jpg 1024w, https:\/\/cvmarj.org.br\/site\/wp-content\/uploads\/2022\/04\/339df0ca-81ba-4967-94d9-a720f3d5df51-300x225.jpg 300w, https:\/\/cvmarj.org.br\/site\/wp-content\/uploads\/2022\/04\/339df0ca-81ba-4967-94d9-a720f3d5df51-768x576.jpg 768w, https:\/\/cvmarj.org.br\/site\/wp-content\/uploads\/2022\/04\/339df0ca-81ba-4967-94d9-a720f3d5df51-1536x1152.jpg 1536w, https:\/\/cvmarj.org.br\/site\/wp-content\/uploads\/2022\/04\/339df0ca-81ba-4967-94d9-a720f3d5df51.jpg 1600w\" sizes=\"(max-width: 1024px) 100vw, 1024px\" \/><\/figure>\n\n\n\n<figure class=\"wp-block-image size-large\"><img loading=\"lazy\" decoding=\"async\" width=\"1024\" height=\"768\" data-id=\"3161\" src=\"https:\/\/cvmarj.org.br\/site\/wp-content\/uploads\/2022\/04\/11c4104a-936d-4689-80f5-3a52335cfcb0-1024x768.jpg\" alt=\"\" class=\"wp-image-3161\" srcset=\"https:\/\/cvmarj.org.br\/site\/wp-content\/uploads\/2022\/04\/11c4104a-936d-4689-80f5-3a52335cfcb0-1024x768.jpg 1024w, https:\/\/cvmarj.org.br\/site\/wp-content\/uploads\/2022\/04\/11c4104a-936d-4689-80f5-3a52335cfcb0-300x225.jpg 300w, https:\/\/cvmarj.org.br\/site\/wp-content\/uploads\/2022\/04\/11c4104a-936d-4689-80f5-3a52335cfcb0-768x576.jpg 768w, https:\/\/cvmarj.org.br\/site\/wp-content\/uploads\/2022\/04\/11c4104a-936d-4689-80f5-3a52335cfcb0.jpg 1280w\" sizes=\"(max-width: 1024px) 100vw, 1024px\" \/><\/figure>\n<\/figure>\n\n\n\n<p><br><\/p>\n","protected":false},"excerpt":{"rendered":"<p>Diretoria do Patrim\u00f4nio Hist\u00f3rico e Cultural do Ex\u00e9rcito &#8211; Ocorreu ontem 13 de abril de 2022 (quarta-feira) no Salao de Honra do CML a solenidade de transmiss\u00e3o da Dire\u00e7\u00e3o da DPHCEX, do General de Brigada CARLOS AUGUSTO RAMIRES TEIXEIRA para o General de Brigada LUCIANO ANT\u00d4NIO SIBINEL. O evento reuniu expresssivo publico e ilustres autoridades&hellip;&nbsp;<a href=\"https:\/\/cvmarj.org.br\/site\/index.php\/2022\/04\/14\/diretoria-do-patrimonio-historico-e-cultural-do-exercito\/\" class=\"\" rel=\"bookmark\">Ler mais &raquo;<span class=\"screen-reader-text\">Diretoria do Patrim\u00f4nio Hist\u00f3rico e Cultural do Ex\u00e9rcito<\/span><\/a><\/p>\n","protected":false},"author":1,"featured_media":3155,"comment_status":"closed","ping_status":"closed","sticky":false,"template":"","format":"standard","meta":{"neve_meta_sidebar":"full-width","neve_meta_container":"","neve_meta_enable_content_width":"","neve_meta_content_width":0,"neve_meta_title_alignment":"center","neve_meta_author_avatar":"","neve_post_elements_order":"[\"title\",\"meta\",\"content\",\"tags\",\"comments\"]","neve_meta_disable_header":"","neve_meta_disable_footer":"","neve_meta_disable_title":"","footnotes":""},"categories":[9],"tags":[],"_links":{"self":[{"href":"https:\/\/cvmarj.org.br\/site\/index.php\/wp-json\/wp\/v2\/posts\/3154"}],"collection":[{"href":"https:\/\/cvmarj.org.br\/site\/index.php\/wp-json\/wp\/v2\/posts"}],"about":[{"href":"https:\/\/cvmarj.org.br\/site\/index.php\/wp-json\/wp\/v2\/types\/post"}],"author":[{"embeddable":true,"href":"https:\/\/cvmarj.org.br\/site\/index.php\/wp-json\/wp\/v2\/users\/1"}],"replies":[{"embeddable":true,"href":"https:\/\/cvmarj.org.br\/site\/index.php\/wp-json\/wp\/v2\/comments?post=3154"}],"version-history":[{"count":1,"href":"https:\/\/cvmarj.org.br\/site\/index.php\/wp-json\/wp\/v2\/posts\/3154\/revisions"}],"predecessor-version":[{"id":3163,"href":"https:\/\/cvmarj.org.br\/site\/index.php\/wp-json\/wp\/v2\/posts\/3154\/revisions\/3163"}],"wp:featuredmedia":[{"embeddable":true,"href":"https:\/\/cvmarj.org.br\/site\/index.php\/wp-json\/wp\/v2\/media\/3155"}],"wp:attachment":[{"href":"https:\/\/cvmarj.org.br\/site\/index.php\/wp-json\/wp\/v2\/media?parent=3154"}],"wp:term":[{"taxonomy":"category","embeddable":true,"href":"https:\/\/cvmarj.org.br\/site\/index.php\/wp-json\/wp\/v2\/categories?post=3154"},{"taxonomy":"post_tag","embeddable":true,"href":"https:\/\/cvmarj.org.br\/site\/index.php\/wp-json\/wp\/v2\/tags?post=3154"}],"curies":[{"name":"wp","href":"https:\/\/api.w.org\/{rel}","templated":true}]}}