{"id":3187,"date":"2022-04-20T08:00:00","date_gmt":"2022-04-20T11:00:00","guid":{"rendered":"https:\/\/cvmarj.org.br\/site\/?p=3187"},"modified":"2022-07-08T11:59:25","modified_gmt":"2022-07-08T14:59:25","slug":"lembranca-06","status":"publish","type":"post","link":"https:\/\/cvmarj.org.br\/site\/index.php\/2022\/04\/20\/lembranca-06\/","title":{"rendered":"Lembran\u00e7a 06"},"content":{"rendered":"\n<p>Uma miss\u00e3o Inusitada, por Iber\u00ea Mariano da Silva<br>&nbsp;<br>Corria o ano de 1980.<\/p>\n\n\n\n<p>Eu estava na bica para ser promovido a Major e servia, na \u00e9poca, no Instituto de Pesquisa e Desenvolvimento ( IPD ).<\/p>\n\n\n\n<p>Acabara de ser diplomado M. Sc. em Energia Nuclear no IME.<\/p>\n\n\n\n<p>O IPD era uma Unidade sita na Fortaleza de S\u00e3o Jo\u00e3o, na Urca e era herdeira do antigo Arsenal de Guerra da Urca.<\/p>\n\n\n\n<p>Ele se espalhava, com todos seus Centros de Pesquisa, no interior da Fortaleza.<\/p>\n\n\n\n<p>Era um local apraz\u00edvel e todos companheiros ( Oficiais, Sargentos, Pesquisadores e T\u00e9cnicos civis ) eram da melhor estirpe t\u00e9cnica intelectual do nosso Ex\u00e9rcito.<\/p>\n\n\n\n<p>Normalmente, n\u00f3s trabalh\u00e1vamos em nossas pesquisas e projetos, mas, vez por outra, receb\u00edamos tarefas subsidi\u00e1rias, que consistiam em ajudar empresas em contornar \u00f3bices ou mesmo o pa\u00eds em quest\u00f5es de engenharia.<\/p>\n\n\n\n<p>Mas vamos aos fatos. No dia 5 de mar\u00e7o de 1980, o Coronel, Chefe da SG2 (Se\u00e7\u00e3o de Informa\u00e7\u00f5es e Intelig\u00eancia ) me chamou e disse-me que eu receberia uma miss\u00e3o.<\/p>\n\n\n\n<p>Perguntei a ele o que seria e, na aus\u00eancia de resposta, denotei que o mesmo, ainda, nada sabia.<\/p>\n\n\n\n<p>Disse-me que algu\u00e9m entraria em contato.<\/p>\n\n\n\n<p>Estranhei, uma vez que tarefas eram dadas pelo Diretor T\u00e9cnico e n\u00e3o pela SG2.<\/p>\n\n\n\n<p>No dia seguinte, quando me dirigia para o rancho, um sujeito de terno e \u00f3culos escuros se aproximou e ap\u00f3s comprovar quem eu era, passou-me instru\u00e7\u00f5es.<\/p>\n\n\n\n<p>N\u00e3o o conhecia, e o fiz se identificar, o que fez ap\u00f3s certa relut\u00e2ncia.<\/p>\n\n\n\n<p>Ele entregou-me um calco do local aonde deveria estar no s\u00e1bado dia 7 de mar\u00e7o, com um companheiro ( um Capit\u00e3o mais moderno, tamb\u00e9m, Engenheiro Militar ), levando um Contador Geiger, fazendo observa\u00e7\u00f5es e apresentando relat\u00f3rio \u00e0 posteriori.<\/p>\n\n\n\n<p>De imediato procurei o referido Oficial.<\/p>\n\n\n\n<p>Em seguida, come\u00e7amos a esmiu\u00e7ar a miss\u00e3o.<\/p>\n\n\n\n<p>Tratava-se de ir pouco al\u00e9m da cidade de Silva Jardim e a 10 km da cidade Casimiro de Abreu entrar na fazenda Nossa Senhora da Concei\u00e7\u00e3o.<\/p>\n\n\n\n<p>L\u00e1, dever\u00edamos estar atentos para um poss\u00edvel pouso de um Disco Voador.<\/p>\n\n\n\n<p>Dever\u00edamos ir descaracterizados.<\/p>\n\n\n\n<p>Estar l\u00e1 \u00e0 tarde e medir a radia\u00e7\u00e3o do local do pouso.<br>&nbsp;<br>A not\u00edcia deste evento vinha sendo anunciada em todos jornais de maior circula\u00e7\u00e3o, revistas, TV Globo, m\u00eddia em geral.<\/p>\n\n\n\n<p>Aproveitamos para nos informar um pouco mais.<\/p>\n\n\n\n<p>Na garage do IPD, com uma gilete, separei um sobreposto de borracha, que vinha colado nos pneus dos caminh\u00f5es, escrito \u201cEx\u00e9rcito Brasileiro\u201d.<\/p>\n\n\n\n<p>O respons\u00e1vel pela not\u00edcia era o Sr. Ed\u00edlcio Barbosa.<\/p>\n\n\n\n<p>Era um Sr. humilde que dizia que o disco pousaria \u00e0s 5:29 h, dia 8 de mar\u00e7o na mencionada fazenda.<\/p>\n\n\n\n<p>Ele falava com muita convic\u00e7\u00e3o e conseguia fazer-se acreditar ou, pelo menos, gerar d\u00favida. Este disco devolveria quatro pessoas: um holand\u00eas, um franc\u00eas, um argentino e um brasileiro, Capit\u00e3o da Marinha, que ca\u00edra no mar devido a um acidente com helic\u00f3ptero.<\/p>\n\n\n\n<p>Dizia-se que ele conseguira aumentar a credibilidade ao levar para a fazenda o delegado e algumas personalidades de Casimiro de Abreu, bem como o dono da fazenda, \u00e0 meia-noite do dia 2, para assistir \u00e0 passagem de uma bola de fogo no c\u00e9u para um lado e depois para o outro.<\/p>\n\n\n\n<p>O que, de fato, acontecera.<\/p>\n\n\n\n<p>No dia 7, no meu carro, um Corcel II verde 1978, encarei a viagem de 138 km em dire\u00e7\u00e3o ao destino.<\/p>\n\n\n\n<p>Eu acabara de modificar o carro, fazendo uma tubula\u00e7\u00e3o em serpentina atravessar v\u00e1rias vezes o volume superior do radiador, de tal modo que aquecia a gasolina antes de entrar na cuba de n\u00edvel constante do carburador.<\/p>\n\n\n\n<p>Era uma chance de testar o dispositivo.<\/p>\n\n\n\n<p>No carro, fixei no vidro dianteiro a borrachinha que tirara do pneu com a express\u00e3o Ex\u00e9rcito Brasileiro.<\/p>\n\n\n\n<p>Levei o lanche preparado pela minha querida esposa, \u00e1gua e caf\u00e9, al\u00e9m de cobertores.<\/p>\n\n\n\n<p>Lembro-me, sempre, do lema repetido por Napole\u00e3o, quando exaltava sua Intend\u00eancia.<\/p>\n\n\n\n<p>\u201cO Ex\u00e9rcito marcha sobre seus est\u00f4magos.\u201d<\/p>\n\n\n\n<p>N\u00e3o precisei recorrer ao Capit\u00e3o, meu copiloto, para achar o local.<\/p>\n\n\n\n<p>A estrada estava coalhada de gente e aumentava a multid\u00e3o \u00e0 medida que aproximava da estradinha que conduzia \u00e0 fazenda.<\/p>\n\n\n\n<p>A PM guarnecia tudo.<\/p>\n\n\n\n<p>Passei por diversos postos de barragem.<\/p>\n\n\n\n<p>Ao me aproximar, apontava para a borrachinha no vidro e imediatamente abriam a barreira.<\/p>\n\n\n\n<p>Assim, cheguei ao ponto central e estacionei o carro entre os caminh\u00f5es de transporte de tropa da PM.<\/p>\n\n\n\n<p>Isto pode ser visto na foto panor\u00e2mica da revista Manchete, publicada a seguir do evento.<\/p>\n\n\n\n<p>Em l\u00e1 chegando, me assuntei: O Prefeito, pessoa simples e pol\u00edtico honesto, acreditando no fato, comprara uma enciclop\u00e9dia Barsa para dar de presente aos alien\u00edgenas, mandara preparar um caf\u00e9 da manh\u00e3 (embora n\u00e3o conhecesse o apetite dos \u201cE T s\u201d), preparara um desfile em carro de bombeiros at\u00e9 o centro da cidade e toda uma programa\u00e7\u00e3o.<\/p>\n\n\n\n<p>Passei a percorrer o terreno e os morros ao redor, aonde se aglomerava a popula\u00e7\u00e3o.<\/p>\n\n\n\n<p>A mesma, segundo palpiteiros observadores, oscilava entre 8.000 e 30.000 pessoas.<\/p>\n\n\n\n<p>Para mim e o Comandante da tropa de PM, \u00e0s 4:00:h da manh\u00e3, aparentava 18.000.<br>Fato interessante foi o do Comandante da PM, se apresentando a mim, dizendo eu ser o mais antigo e que passara a ser o Comandante da \u00e1rea.<\/p>\n\n\n\n<p>Logo depois, chegou um velho Aero-Willys preto, com dois ocupantes que vieram, tamb\u00e9m se apresentar, dizendo-se do CENIMAR ( Centro de Intelig\u00eancia da Marinha ).<\/p>\n\n\n\n<p>Apontando para um morro pr\u00f3ximo, disseram haver tropa dos Fuzileiros Navais em cinco helic\u00f3pteros, prontos para eventualidades.<\/p>\n\n\n\n<p>Ainda, ap\u00f3s, chegaram dois elementos se identificando como da intelig\u00eancia da Aeron\u00e1utica e apontaram para outro morro dizendo haver dois helic\u00f3pteros com PAs ( Pol\u00edcia da Aeron\u00e1utica ).<\/p>\n\n\n\n<p>Fiz a medi\u00e7\u00e3o requerida de radia\u00e7\u00e3o no local de pouso e voltei a caminhar entre a multid\u00e3o.<\/p>\n\n\n\n<p>Havia toda sorte de gente: Imprensa de diversos pa\u00edses, pesquisadores em geral e em particular alguns da NASA, a alta administra\u00e7\u00e3o de Casimiro de Abreu, uf\u00f3logos, a Defesa Civil do Estado do Rio, parentes dos que seriam devolvidos pelo disco, vendedores de comidas e outras bugigangas e acima de tudo uma imensa quantidade de curiosos.<\/p>\n\n\n\n<p>Algumas pessoas, fantasiadas com diversas cores, diziam-se volunt\u00e1rios para voltar no disco.<\/p>\n\n\n\n<p>Uma Pick-Up estacionada em cima do morro possu\u00eda diversos far\u00f3is envolvidos com pap\u00e9is de cores diferente.<\/p>\n\n\n\n<p>Diversos casais, um pouco mais afastados, embrulhados em cobertores, estavam contribuindo para o \u201cboom\u201d de beb\u00eas que aumentariam a popula\u00e7\u00e3o 9 meses depois.<\/p>\n\n\n\n<p>Uma verdadeira loucura.<\/p>\n\n\n\n<p>Era um misto do filme Contatos Imediatos do Terceiro Grau, que passara alguns meses antes, e o festival de m\u00fasica de Woodstock.<\/p>\n\n\n\n<p>A popula\u00e7\u00e3o estava em estado emocional feliz, calma e conversavam em voz baixa e se confraternizavam.<\/p>\n\n\n\n<p>Bebia-se muito, havia muito mosquito e fazia bastante frio.<\/p>\n\n\n\n<p>A hora chegava e a multid\u00e3o acordava e se agitava devido o frio.<\/p>\n\n\n\n<p>Come\u00e7ava a gritar \u201cOlha a hora\u201d.<\/p>\n\n\n\n<p>Chegou a hora e nada.<\/p>\n\n\n\n<p>O Comandante da tropa de PM, veio a mim e perguntou o que fazer se a multid\u00e3o tentasse avan\u00e7ar sobre o Sr. Barbosa.<\/p>\n\n\n\n<p>Perguntei a ele se os fuzis estavam carregados.<\/p>\n\n\n\n<p>Respondeu-me que sim.<\/p>\n\n\n\n<p>Dei-lhe ent\u00e3o a ordem, para que a retransmitisse a todos Soldados para que retirassem a muni\u00e7\u00e3o das armas.<\/p>\n\n\n\n<p>Deste modo, n\u00e3o haveria incidentes a lamentar.<\/p>\n\n\n\n<p>A Marinha disfar\u00e7adamente retirou o Sr. Barbosa da \u00e1rea.<\/p>\n\n\n\n<p>Ele disse-nos, que o disco n\u00e3o pousara devido a haverem alguns jornalistas, de uma certa m\u00eddia, invadido a \u00e1rea de pouso.<\/p>\n\n\n\n<p>Esperamos a quase totalidade das pessoas evacuarem a \u00e1rea e ap\u00f3s, em comboio, nos retiramos.<\/p>\n\n\n\n<p>Fiz o relat\u00f3rio e na ter\u00e7a-feira, dia 10, a encaminhei a seu destino.<\/p>\n\n\n\n<p>Foi uma miss\u00e3o longa, cansativa, mas muito divertida.<\/p>\n\n\n\n<p>Foi uma miss\u00e3o inusitada.\u00a0<br>\u00a0<br>\u00a0<br>Gen Bda Eng Mil Veterano Iber\u00ea Mariano da Silva \u2013 Engenheiro Eletr\u00f4nico e Nuclear \u2013 AMAN \u2013 CPEAEX &#8212; \u00a0Turma 1967 \u2013 Material B\u00e9lico<\/p>\n","protected":false},"excerpt":{"rendered":"<p>Uma miss\u00e3o Inusitada, por Iber\u00ea Mariano da Silva&nbsp;Corria o ano de 1980. Eu estava na bica para ser promovido a Major e servia, na \u00e9poca, no Instituto de Pesquisa e Desenvolvimento ( IPD ). Acabara de ser diplomado M. Sc. em Energia Nuclear no IME. O IPD era uma Unidade sita na Fortaleza de S\u00e3o&hellip;&nbsp;<a href=\"https:\/\/cvmarj.org.br\/site\/index.php\/2022\/04\/20\/lembranca-06\/\" class=\"\" rel=\"bookmark\">Ler mais &raquo;<span class=\"screen-reader-text\">Lembran\u00e7a 06<\/span><\/a><\/p>\n","protected":false},"author":1,"featured_media":2887,"comment_status":"closed","ping_status":"closed","sticky":false,"template":"","format":"standard","meta":{"neve_meta_sidebar":"full-width","neve_meta_container":"","neve_meta_enable_content_width":"","neve_meta_content_width":0,"neve_meta_title_alignment":"center","neve_meta_author_avatar":"","neve_post_elements_order":"[\"title\",\"meta\",\"content\",\"tags\",\"comments\"]","neve_meta_disable_header":"","neve_meta_disable_footer":"","neve_meta_disable_title":"","footnotes":""},"categories":[16],"tags":[],"_links":{"self":[{"href":"https:\/\/cvmarj.org.br\/site\/index.php\/wp-json\/wp\/v2\/posts\/3187"}],"collection":[{"href":"https:\/\/cvmarj.org.br\/site\/index.php\/wp-json\/wp\/v2\/posts"}],"about":[{"href":"https:\/\/cvmarj.org.br\/site\/index.php\/wp-json\/wp\/v2\/types\/post"}],"author":[{"embeddable":true,"href":"https:\/\/cvmarj.org.br\/site\/index.php\/wp-json\/wp\/v2\/users\/1"}],"replies":[{"embeddable":true,"href":"https:\/\/cvmarj.org.br\/site\/index.php\/wp-json\/wp\/v2\/comments?post=3187"}],"version-history":[{"count":2,"href":"https:\/\/cvmarj.org.br\/site\/index.php\/wp-json\/wp\/v2\/posts\/3187\/revisions"}],"predecessor-version":[{"id":3840,"href":"https:\/\/cvmarj.org.br\/site\/index.php\/wp-json\/wp\/v2\/posts\/3187\/revisions\/3840"}],"wp:featuredmedia":[{"embeddable":true,"href":"https:\/\/cvmarj.org.br\/site\/index.php\/wp-json\/wp\/v2\/media\/2887"}],"wp:attachment":[{"href":"https:\/\/cvmarj.org.br\/site\/index.php\/wp-json\/wp\/v2\/media?parent=3187"}],"wp:term":[{"taxonomy":"category","embeddable":true,"href":"https:\/\/cvmarj.org.br\/site\/index.php\/wp-json\/wp\/v2\/categories?post=3187"},{"taxonomy":"post_tag","embeddable":true,"href":"https:\/\/cvmarj.org.br\/site\/index.php\/wp-json\/wp\/v2\/tags?post=3187"}],"curies":[{"name":"wp","href":"https:\/\/api.w.org\/{rel}","templated":true}]}}