{"id":3204,"date":"2022-04-18T14:12:46","date_gmt":"2022-04-18T17:12:46","guid":{"rendered":"https:\/\/cvmarj.org.br\/site\/?p=3204"},"modified":"2022-04-18T14:12:49","modified_gmt":"2022-04-18T17:12:49","slug":"reuniao-da-aviacao","status":"publish","type":"post","link":"https:\/\/cvmarj.org.br\/site\/index.php\/2022\/04\/18\/reuniao-da-aviacao\/","title":{"rendered":"Reuni\u00e3o da Avia\u00e7\u00e3o"},"content":{"rendered":"\n<figure class=\"wp-block-image size-large\"><img fetchpriority=\"high\" decoding=\"async\" width=\"1024\" height=\"629\" src=\"https:\/\/cvmarj.org.br\/site\/wp-content\/uploads\/2022\/04\/55b3ee95-452a-4921-94f5-bb8fa01468bc-1024x629.jpg\" alt=\"\" class=\"wp-image-3205\" srcset=\"https:\/\/cvmarj.org.br\/site\/wp-content\/uploads\/2022\/04\/55b3ee95-452a-4921-94f5-bb8fa01468bc-1024x629.jpg 1024w, https:\/\/cvmarj.org.br\/site\/wp-content\/uploads\/2022\/04\/55b3ee95-452a-4921-94f5-bb8fa01468bc-300x184.jpg 300w, https:\/\/cvmarj.org.br\/site\/wp-content\/uploads\/2022\/04\/55b3ee95-452a-4921-94f5-bb8fa01468bc-768x472.jpg 768w, https:\/\/cvmarj.org.br\/site\/wp-content\/uploads\/2022\/04\/55b3ee95-452a-4921-94f5-bb8fa01468bc.jpg 1280w\" sizes=\"(max-width: 1024px) 100vw, 1024px\" \/><\/figure>\n","protected":false},"excerpt":{"rendered":"","protected":false},"author":1,"featured_media":3205,"comment_status":"closed","ping_status":"closed","sticky":false,"template":"","format":"standard","meta":{"neve_meta_sidebar":"full-width","neve_meta_container":"","neve_meta_enable_content_width":"","neve_meta_content_width":0,"neve_meta_title_alignment":"center","neve_meta_author_avatar":"","neve_post_elements_order":"[\"title\",\"meta\",\"content\",\"tags\",\"comments\"]","neve_meta_disable_header":"","neve_meta_disable_footer":"","neve_meta_disable_title":"","footnotes":""},"categories":[9],"tags":[],"_links":{"self":[{"href":"https:\/\/cvmarj.org.br\/site\/index.php\/wp-json\/wp\/v2\/posts\/3204"}],"collection":[{"href":"https:\/\/cvmarj.org.br\/site\/index.php\/wp-json\/wp\/v2\/posts"}],"about":[{"href":"https:\/\/cvmarj.org.br\/site\/index.php\/wp-json\/wp\/v2\/types\/post"}],"author":[{"embeddable":true,"href":"https:\/\/cvmarj.org.br\/site\/index.php\/wp-json\/wp\/v2\/users\/1"}],"replies":[{"embeddable":true,"href":"https:\/\/cvmarj.org.br\/site\/index.php\/wp-json\/wp\/v2\/comments?post=3204"}],"version-history":[{"count":1,"href":"https:\/\/cvmarj.org.br\/site\/index.php\/wp-json\/wp\/v2\/posts\/3204\/revisions"}],"predecessor-version":[{"id":3206,"href":"https:\/\/cvmarj.org.br\/site\/index.php\/wp-json\/wp\/v2\/posts\/3204\/revisions\/3206"}],"wp:featuredmedia":[{"embeddable":true,"href":"https:\/\/cvmarj.org.br\/site\/index.php\/wp-json\/wp\/v2\/media\/3205"}],"wp:attachment":[{"href":"https:\/\/cvmarj.org.br\/site\/index.php\/wp-json\/wp\/v2\/media?parent=3204"}],"wp:term":[{"taxonomy":"category","embeddable":true,"href":"https:\/\/cvmarj.org.br\/site\/index.php\/wp-json\/wp\/v2\/categories?post=3204"},{"taxonomy":"post_tag","embeddable":true,"href":"https:\/\/cvmarj.org.br\/site\/index.php\/wp-json\/wp\/v2\/tags?post=3204"}],"curies":[{"name":"wp","href":"https:\/\/api.w.org\/{rel}","templated":true}]}}