{"id":3207,"date":"2022-04-18T14:14:17","date_gmt":"2022-04-18T17:14:17","guid":{"rendered":"https:\/\/cvmarj.org.br\/site\/?p=3207"},"modified":"2022-04-18T14:14:19","modified_gmt":"2022-04-18T17:14:19","slug":"atividades-mensais-do-cvmarj-abril-de-2022","status":"publish","type":"post","link":"https:\/\/cvmarj.org.br\/site\/index.php\/2022\/04\/18\/atividades-mensais-do-cvmarj-abril-de-2022\/","title":{"rendered":"ATIVIDADES MENSAIS DO CVMARJ ABRIL DE 2022."},"content":{"rendered":"\n<p>ATIVIDADES MENSAIS DO CVMARJ_ ABRIL DE 2022.<\/p>\n\n\n\n<p>ATUALIZADO EM 15\/04\/2022.<\/p>\n\n\n\n<p>SEMANA QUENTE, 3 GRANDES ATIVIDADES, CONTAMOS COM A PRESEN\u00c7A DOS S\u00d3CIOS E AMIGOS DO CVMARJ.<\/p>\n\n\n\n<ul><li>17\/04\/22, DOMINGO: REUNI\u00c3O MENSAL NO MUSEU MILITAR CONDE DE LINHARES, EXPOSI\u00c7\u00c3O DE MEIOS MILITARES ANTIGOS, DAS 09:00 \u00c0S 12:00 H.<\/li><li>18\/04\/23, SEGUNDA FEIRA, ANIVERS\u00c1RIO DO 21\u00b0 GAC, NITEROI, EXPOSI\u00c7\u00c3O DE VIATURAS MILITARES ANTIGAS: DISPOSITIVO PRONTO, 08:30 H.<\/li><li>22\/04\/2022, SEXTA FEIRA: DIA DA AVIA\u00c7\u00c3O DE CA\u00c7A, BASE A\u00c9REA DE SANTA CRUZ, DISPOSITIVO PRONTO 08:00 H.<\/li><\/ul>\n\n\n\n<p>OBSERVA\u00c7\u00c3O: PROGRAMA\u00c7\u00c3O PODE SOFRER ALTERA\u00c7\u00d5ES.<\/p>\n\n\n\n<p>AT.<\/p>\n\n\n\n<p>S\u00c9RGIO CAPELLA.<br>PRESIDENTE DO CVMARJ.<\/p>\n","protected":false},"excerpt":{"rendered":"<p>ATIVIDADES MENSAIS DO CVMARJ_ ABRIL DE 2022. ATUALIZADO EM 15\/04\/2022. SEMANA QUENTE, 3 GRANDES ATIVIDADES, CONTAMOS COM A PRESEN\u00c7A DOS S\u00d3CIOS E AMIGOS DO CVMARJ. 17\/04\/22, DOMINGO: REUNI\u00c3O MENSAL NO MUSEU MILITAR CONDE DE LINHARES, EXPOSI\u00c7\u00c3O DE MEIOS MILITARES ANTIGOS, DAS 09:00 \u00c0S 12:00 H. 18\/04\/23, SEGUNDA FEIRA, ANIVERS\u00c1RIO DO 21\u00b0 GAC, NITEROI, EXPOSI\u00c7\u00c3O DE&hellip;&nbsp;<a href=\"https:\/\/cvmarj.org.br\/site\/index.php\/2022\/04\/18\/atividades-mensais-do-cvmarj-abril-de-2022\/\" class=\"\" rel=\"bookmark\">Ler mais &raquo;<span class=\"screen-reader-text\">ATIVIDADES MENSAIS DO CVMARJ ABRIL DE 2022.<\/span><\/a><\/p>\n","protected":false},"author":1,"featured_media":0,"comment_status":"closed","ping_status":"closed","sticky":false,"template":"","format":"standard","meta":{"neve_meta_sidebar":"full-width","neve_meta_container":"","neve_meta_enable_content_width":"","neve_meta_content_width":0,"neve_meta_title_alignment":"","neve_meta_author_avatar":"","neve_post_elements_order":"[\"title\",\"meta\",\"thumbnail\",\"content\",\"tags\",\"comments\"]","neve_meta_disable_header":"","neve_meta_disable_footer":"","neve_meta_disable_title":"","footnotes":""},"categories":[9],"tags":[],"_links":{"self":[{"href":"https:\/\/cvmarj.org.br\/site\/index.php\/wp-json\/wp\/v2\/posts\/3207"}],"collection":[{"href":"https:\/\/cvmarj.org.br\/site\/index.php\/wp-json\/wp\/v2\/posts"}],"about":[{"href":"https:\/\/cvmarj.org.br\/site\/index.php\/wp-json\/wp\/v2\/types\/post"}],"author":[{"embeddable":true,"href":"https:\/\/cvmarj.org.br\/site\/index.php\/wp-json\/wp\/v2\/users\/1"}],"replies":[{"embeddable":true,"href":"https:\/\/cvmarj.org.br\/site\/index.php\/wp-json\/wp\/v2\/comments?post=3207"}],"version-history":[{"count":1,"href":"https:\/\/cvmarj.org.br\/site\/index.php\/wp-json\/wp\/v2\/posts\/3207\/revisions"}],"predecessor-version":[{"id":3208,"href":"https:\/\/cvmarj.org.br\/site\/index.php\/wp-json\/wp\/v2\/posts\/3207\/revisions\/3208"}],"wp:attachment":[{"href":"https:\/\/cvmarj.org.br\/site\/index.php\/wp-json\/wp\/v2\/media?parent=3207"}],"wp:term":[{"taxonomy":"category","embeddable":true,"href":"https:\/\/cvmarj.org.br\/site\/index.php\/wp-json\/wp\/v2\/categories?post=3207"},{"taxonomy":"post_tag","embeddable":true,"href":"https:\/\/cvmarj.org.br\/site\/index.php\/wp-json\/wp\/v2\/tags?post=3207"}],"curies":[{"name":"wp","href":"https:\/\/api.w.org\/{rel}","templated":true}]}}