{"id":3212,"date":"2022-04-18T15:09:10","date_gmt":"2022-04-18T18:09:10","guid":{"rendered":"https:\/\/cvmarj.org.br\/site\/?p=3212"},"modified":"2022-04-18T15:09:14","modified_gmt":"2022-04-18T18:09:14","slug":"veteranos-da-segunda-guerra-mundial","status":"publish","type":"post","link":"https:\/\/cvmarj.org.br\/site\/index.php\/2022\/04\/18\/veteranos-da-segunda-guerra-mundial\/","title":{"rendered":"Veteranos da Segunda Guerra Mundial."},"content":{"rendered":"\n<p>Cruz Alta\/RS \u2013 14 de abril de 2022, o Museu Militar Brasileiro participou da solenidade alusiva em comemora\u00e7\u00e3o ao Dia do Ex\u00e9rcito (19 de abril) pelos seus 374 anos e tamb\u00e9m, a inaugura\u00e7\u00e3o de um monumento em homenagem a For\u00e7a Expedicion\u00e1ria Brasileira &#8211; FEB, o evento contou com a ilustre presen\u00e7a do Sr. Ten Jos\u00e9 Negri e do Sr. Cap Elmo Diniz &#8211; Veteranos da Segunda Guerra Mundial.<br>Na oportunidade, o Sr. General de Brigada Moises da Paix\u00e3o Junior, recebeu da Academia Medalh\u00edstica C\u00edvico Militar do Brasil, a Medalha do M\u00e9rito Duque de Caxias \u2013 Patrono do Ex\u00e9rcito Brasileiro. A medalha foi entregue pelo Sr. Sefferson Steindorff \u2013 Presidente Benem\u00e9rito da Academia e Diretor do Museu Militar Brasileiro.<br>A honraria destina-se a galardoar aqueles que por dedica\u00e7\u00e3o e capacidade profissional que tenham se destacado por seus merit\u00f3rios.<br>Na mesma ocasi\u00e3o, o Sr. General de Brigada Mois\u00e9s da Paix\u00e3o J\u00fanior &#8211; Comandante da Artilharia Division\u00e1ria da 3\u00aa Divis\u00e3o de Ex\u00e9rcito &#8211; AD3, o Sr. Cel. Richard Alves Fioravante &#8211; Comandante da Escola de Aperfei\u00e7oamento de Sargento das Armas &#8211; EASA, o Sr. Major Pablo Giacomini Castilho e o Sr. 2\u00ba Tenente Felipe Kauffmann Moraes receberam a Medalha de Ordem do M\u00e9rito Museu Militar Brasileiro.<br>De acordo com o regulamento, a entrega da medalha tem como objetivo galardoar as pessoas f\u00edsicas, jur\u00eddicas, corpora\u00e7\u00f5es militares ou institui\u00e7\u00f5es civis, nacionais ou estrangeiras que, pelos seus servi\u00e7os ou m\u00e9ritos excepcionais, se tenham tornado merecedoras dessa distin\u00e7\u00e3o. A Medalha foi entregue pelo Sr. Sefferson Steindorff &#8211; Diretor do Museu Militar Brasileiro.<\/p>\n\n\n\n<figure class=\"wp-block-gallery has-nested-images columns-default is-cropped wp-block-gallery-1 is-layout-flex wp-block-gallery-is-layout-flex\">\n<figure class=\"wp-block-image size-large\"><img fetchpriority=\"high\" decoding=\"async\" width=\"1080\" height=\"1080\" data-id=\"3220\" src=\"http:\/\/cvmarj.org.br\/site\/wp-content\/uploads\/2022\/04\/ee6e9651-323f-4170-9da8-1f35fbea4e7e.jpg\" alt=\"\" class=\"wp-image-3220\" srcset=\"https:\/\/cvmarj.org.br\/site\/wp-content\/uploads\/2022\/04\/ee6e9651-323f-4170-9da8-1f35fbea4e7e.jpg 1080w, https:\/\/cvmarj.org.br\/site\/wp-content\/uploads\/2022\/04\/ee6e9651-323f-4170-9da8-1f35fbea4e7e-300x300.jpg 300w, https:\/\/cvmarj.org.br\/site\/wp-content\/uploads\/2022\/04\/ee6e9651-323f-4170-9da8-1f35fbea4e7e-1024x1024.jpg 1024w, https:\/\/cvmarj.org.br\/site\/wp-content\/uploads\/2022\/04\/ee6e9651-323f-4170-9da8-1f35fbea4e7e-150x150.jpg 150w, https:\/\/cvmarj.org.br\/site\/wp-content\/uploads\/2022\/04\/ee6e9651-323f-4170-9da8-1f35fbea4e7e-768x768.jpg 768w\" sizes=\"(max-width: 1080px) 100vw, 1080px\" \/><\/figure>\n\n\n\n<figure class=\"wp-block-image size-large\"><img decoding=\"async\" width=\"1080\" height=\"1080\" data-id=\"3219\" src=\"http:\/\/cvmarj.org.br\/site\/wp-content\/uploads\/2022\/04\/54d4923d-4a69-4fe2-a98d-9e50da78fa71.jpg\" alt=\"\" class=\"wp-image-3219\" srcset=\"https:\/\/cvmarj.org.br\/site\/wp-content\/uploads\/2022\/04\/54d4923d-4a69-4fe2-a98d-9e50da78fa71.jpg 1080w, https:\/\/cvmarj.org.br\/site\/wp-content\/uploads\/2022\/04\/54d4923d-4a69-4fe2-a98d-9e50da78fa71-300x300.jpg 300w, https:\/\/cvmarj.org.br\/site\/wp-content\/uploads\/2022\/04\/54d4923d-4a69-4fe2-a98d-9e50da78fa71-1024x1024.jpg 1024w, https:\/\/cvmarj.org.br\/site\/wp-content\/uploads\/2022\/04\/54d4923d-4a69-4fe2-a98d-9e50da78fa71-150x150.jpg 150w, https:\/\/cvmarj.org.br\/site\/wp-content\/uploads\/2022\/04\/54d4923d-4a69-4fe2-a98d-9e50da78fa71-768x768.jpg 768w\" sizes=\"(max-width: 1080px) 100vw, 1080px\" \/><\/figure>\n\n\n\n<figure class=\"wp-block-image size-large\"><img decoding=\"async\" width=\"1080\" height=\"1080\" data-id=\"3218\" src=\"http:\/\/cvmarj.org.br\/site\/wp-content\/uploads\/2022\/04\/d13a0cde-001b-4b1d-90e8-db301e4956de.jpg\" alt=\"\" class=\"wp-image-3218\" srcset=\"https:\/\/cvmarj.org.br\/site\/wp-content\/uploads\/2022\/04\/d13a0cde-001b-4b1d-90e8-db301e4956de.jpg 1080w, https:\/\/cvmarj.org.br\/site\/wp-content\/uploads\/2022\/04\/d13a0cde-001b-4b1d-90e8-db301e4956de-300x300.jpg 300w, https:\/\/cvmarj.org.br\/site\/wp-content\/uploads\/2022\/04\/d13a0cde-001b-4b1d-90e8-db301e4956de-1024x1024.jpg 1024w, https:\/\/cvmarj.org.br\/site\/wp-content\/uploads\/2022\/04\/d13a0cde-001b-4b1d-90e8-db301e4956de-150x150.jpg 150w, https:\/\/cvmarj.org.br\/site\/wp-content\/uploads\/2022\/04\/d13a0cde-001b-4b1d-90e8-db301e4956de-768x768.jpg 768w\" sizes=\"(max-width: 1080px) 100vw, 1080px\" \/><\/figure>\n\n\n\n<figure class=\"wp-block-image size-large\"><img loading=\"lazy\" decoding=\"async\" width=\"1080\" height=\"1080\" data-id=\"3217\" src=\"http:\/\/cvmarj.org.br\/site\/wp-content\/uploads\/2022\/04\/a5aca607-3c92-425d-900e-513108afd4e6.jpg\" alt=\"\" class=\"wp-image-3217\" srcset=\"https:\/\/cvmarj.org.br\/site\/wp-content\/uploads\/2022\/04\/a5aca607-3c92-425d-900e-513108afd4e6.jpg 1080w, https:\/\/cvmarj.org.br\/site\/wp-content\/uploads\/2022\/04\/a5aca607-3c92-425d-900e-513108afd4e6-300x300.jpg 300w, https:\/\/cvmarj.org.br\/site\/wp-content\/uploads\/2022\/04\/a5aca607-3c92-425d-900e-513108afd4e6-1024x1024.jpg 1024w, https:\/\/cvmarj.org.br\/site\/wp-content\/uploads\/2022\/04\/a5aca607-3c92-425d-900e-513108afd4e6-150x150.jpg 150w, https:\/\/cvmarj.org.br\/site\/wp-content\/uploads\/2022\/04\/a5aca607-3c92-425d-900e-513108afd4e6-768x768.jpg 768w\" sizes=\"(max-width: 1080px) 100vw, 1080px\" \/><\/figure>\n\n\n\n<figure class=\"wp-block-image size-large\"><img loading=\"lazy\" decoding=\"async\" width=\"1080\" height=\"1080\" data-id=\"3213\" src=\"http:\/\/cvmarj.org.br\/site\/wp-content\/uploads\/2022\/04\/2a42507d-148b-4eec-a7da-2b4fbdc78e31.jpg\" alt=\"\" class=\"wp-image-3213\" srcset=\"https:\/\/cvmarj.org.br\/site\/wp-content\/uploads\/2022\/04\/2a42507d-148b-4eec-a7da-2b4fbdc78e31.jpg 1080w, https:\/\/cvmarj.org.br\/site\/wp-content\/uploads\/2022\/04\/2a42507d-148b-4eec-a7da-2b4fbdc78e31-300x300.jpg 300w, https:\/\/cvmarj.org.br\/site\/wp-content\/uploads\/2022\/04\/2a42507d-148b-4eec-a7da-2b4fbdc78e31-1024x1024.jpg 1024w, https:\/\/cvmarj.org.br\/site\/wp-content\/uploads\/2022\/04\/2a42507d-148b-4eec-a7da-2b4fbdc78e31-150x150.jpg 150w, https:\/\/cvmarj.org.br\/site\/wp-content\/uploads\/2022\/04\/2a42507d-148b-4eec-a7da-2b4fbdc78e31-768x768.jpg 768w\" sizes=\"(max-width: 1080px) 100vw, 1080px\" \/><\/figure>\n\n\n\n<figure class=\"wp-block-image size-large\"><img loading=\"lazy\" decoding=\"async\" width=\"1080\" height=\"1080\" data-id=\"3214\" src=\"http:\/\/cvmarj.org.br\/site\/wp-content\/uploads\/2022\/04\/d23564ef-949e-404b-a48b-22ce0c7d3f36.jpg\" alt=\"\" class=\"wp-image-3214\" srcset=\"https:\/\/cvmarj.org.br\/site\/wp-content\/uploads\/2022\/04\/d23564ef-949e-404b-a48b-22ce0c7d3f36.jpg 1080w, https:\/\/cvmarj.org.br\/site\/wp-content\/uploads\/2022\/04\/d23564ef-949e-404b-a48b-22ce0c7d3f36-300x300.jpg 300w, https:\/\/cvmarj.org.br\/site\/wp-content\/uploads\/2022\/04\/d23564ef-949e-404b-a48b-22ce0c7d3f36-1024x1024.jpg 1024w, https:\/\/cvmarj.org.br\/site\/wp-content\/uploads\/2022\/04\/d23564ef-949e-404b-a48b-22ce0c7d3f36-150x150.jpg 150w, https:\/\/cvmarj.org.br\/site\/wp-content\/uploads\/2022\/04\/d23564ef-949e-404b-a48b-22ce0c7d3f36-768x768.jpg 768w\" sizes=\"(max-width: 1080px) 100vw, 1080px\" \/><\/figure>\n\n\n\n<figure class=\"wp-block-image size-large\"><img loading=\"lazy\" decoding=\"async\" width=\"1080\" height=\"1080\" data-id=\"3215\" src=\"http:\/\/cvmarj.org.br\/site\/wp-content\/uploads\/2022\/04\/8ce71da4-317c-4650-9ec7-d5c34be9ffda.jpg\" alt=\"\" class=\"wp-image-3215\" srcset=\"https:\/\/cvmarj.org.br\/site\/wp-content\/uploads\/2022\/04\/8ce71da4-317c-4650-9ec7-d5c34be9ffda.jpg 1080w, https:\/\/cvmarj.org.br\/site\/wp-content\/uploads\/2022\/04\/8ce71da4-317c-4650-9ec7-d5c34be9ffda-300x300.jpg 300w, https:\/\/cvmarj.org.br\/site\/wp-content\/uploads\/2022\/04\/8ce71da4-317c-4650-9ec7-d5c34be9ffda-1024x1024.jpg 1024w, https:\/\/cvmarj.org.br\/site\/wp-content\/uploads\/2022\/04\/8ce71da4-317c-4650-9ec7-d5c34be9ffda-150x150.jpg 150w, https:\/\/cvmarj.org.br\/site\/wp-content\/uploads\/2022\/04\/8ce71da4-317c-4650-9ec7-d5c34be9ffda-768x768.jpg 768w\" sizes=\"(max-width: 1080px) 100vw, 1080px\" \/><\/figure>\n\n\n\n<figure class=\"wp-block-image size-large\"><img loading=\"lazy\" decoding=\"async\" width=\"1080\" height=\"1080\" data-id=\"3216\" src=\"http:\/\/cvmarj.org.br\/site\/wp-content\/uploads\/2022\/04\/24521ca8-91d9-4684-bcf6-e086f499df68.jpg\" alt=\"\" class=\"wp-image-3216\" srcset=\"https:\/\/cvmarj.org.br\/site\/wp-content\/uploads\/2022\/04\/24521ca8-91d9-4684-bcf6-e086f499df68.jpg 1080w, https:\/\/cvmarj.org.br\/site\/wp-content\/uploads\/2022\/04\/24521ca8-91d9-4684-bcf6-e086f499df68-300x300.jpg 300w, https:\/\/cvmarj.org.br\/site\/wp-content\/uploads\/2022\/04\/24521ca8-91d9-4684-bcf6-e086f499df68-1024x1024.jpg 1024w, https:\/\/cvmarj.org.br\/site\/wp-content\/uploads\/2022\/04\/24521ca8-91d9-4684-bcf6-e086f499df68-150x150.jpg 150w, https:\/\/cvmarj.org.br\/site\/wp-content\/uploads\/2022\/04\/24521ca8-91d9-4684-bcf6-e086f499df68-768x768.jpg 768w\" sizes=\"(max-width: 1080px) 100vw, 1080px\" \/><\/figure>\n<\/figure>\n","protected":false},"excerpt":{"rendered":"<p>Cruz Alta\/RS \u2013 14 de abril de 2022, o Museu Militar Brasileiro participou da solenidade alusiva em comemora\u00e7\u00e3o ao Dia do Ex\u00e9rcito (19 de abril) pelos seus 374 anos e tamb\u00e9m, a inaugura\u00e7\u00e3o de um monumento em homenagem a For\u00e7a Expedicion\u00e1ria Brasileira &#8211; FEB, o evento contou com a ilustre presen\u00e7a do Sr. Ten Jos\u00e9&hellip;&nbsp;<a href=\"https:\/\/cvmarj.org.br\/site\/index.php\/2022\/04\/18\/veteranos-da-segunda-guerra-mundial\/\" class=\"\" rel=\"bookmark\">Ler mais &raquo;<span class=\"screen-reader-text\">Veteranos da Segunda Guerra Mundial.<\/span><\/a><\/p>\n","protected":false},"author":1,"featured_media":3217,"comment_status":"closed","ping_status":"closed","sticky":false,"template":"","format":"standard","meta":{"neve_meta_sidebar":"full-width","neve_meta_container":"","neve_meta_enable_content_width":"","neve_meta_content_width":0,"neve_meta_title_alignment":"center","neve_meta_author_avatar":"","neve_post_elements_order":"[\"title\",\"meta\",\"content\",\"tags\",\"comments\"]","neve_meta_disable_header":"","neve_meta_disable_footer":"","neve_meta_disable_title":"","footnotes":""},"categories":[9],"tags":[],"_links":{"self":[{"href":"https:\/\/cvmarj.org.br\/site\/index.php\/wp-json\/wp\/v2\/posts\/3212"}],"collection":[{"href":"https:\/\/cvmarj.org.br\/site\/index.php\/wp-json\/wp\/v2\/posts"}],"about":[{"href":"https:\/\/cvmarj.org.br\/site\/index.php\/wp-json\/wp\/v2\/types\/post"}],"author":[{"embeddable":true,"href":"https:\/\/cvmarj.org.br\/site\/index.php\/wp-json\/wp\/v2\/users\/1"}],"replies":[{"embeddable":true,"href":"https:\/\/cvmarj.org.br\/site\/index.php\/wp-json\/wp\/v2\/comments?post=3212"}],"version-history":[{"count":1,"href":"https:\/\/cvmarj.org.br\/site\/index.php\/wp-json\/wp\/v2\/posts\/3212\/revisions"}],"predecessor-version":[{"id":3222,"href":"https:\/\/cvmarj.org.br\/site\/index.php\/wp-json\/wp\/v2\/posts\/3212\/revisions\/3222"}],"wp:featuredmedia":[{"embeddable":true,"href":"https:\/\/cvmarj.org.br\/site\/index.php\/wp-json\/wp\/v2\/media\/3217"}],"wp:attachment":[{"href":"https:\/\/cvmarj.org.br\/site\/index.php\/wp-json\/wp\/v2\/media?parent=3212"}],"wp:term":[{"taxonomy":"category","embeddable":true,"href":"https:\/\/cvmarj.org.br\/site\/index.php\/wp-json\/wp\/v2\/categories?post=3212"},{"taxonomy":"post_tag","embeddable":true,"href":"https:\/\/cvmarj.org.br\/site\/index.php\/wp-json\/wp\/v2\/tags?post=3212"}],"curies":[{"name":"wp","href":"https:\/\/api.w.org\/{rel}","templated":true}]}}