{"id":3432,"date":"2022-04-27T11:42:32","date_gmt":"2022-04-27T14:42:32","guid":{"rendered":"https:\/\/cvmarj.org.br\/site\/?p=3432"},"modified":"2022-04-27T11:47:41","modified_gmt":"2022-04-27T14:47:41","slug":"representacao-para-a-exposicao-de-aguas-de-lindoia","status":"publish","type":"post","link":"https:\/\/cvmarj.org.br\/site\/index.php\/2022\/04\/27\/representacao-para-a-exposicao-de-aguas-de-lindoia\/","title":{"rendered":"REPRESENTA\u00c7\u00c3O PARA A EXPOSI\u00c7\u00c3O DE \u00c1GUAS DE LINDOIA"},"content":{"rendered":"\n<p>RJ, RJ, 23\/04\/2022.<\/p>\n\n\n\n<p>CVMARJ, MANDA REPRESENTA\u00c7\u00c3O PARA A EXPOSI\u00c7\u00c3O DE \u00c1GUAS DE LINDOIA E CAUSA PROBLEMAS PARA A ORGANIZA\u00c7\u00c3O DO EVENTO!<\/p>\n\n\n\n<p>MANDAMOS DOIS MB 1519, MANUTE, REPRESENTANDO O CVMARJ, DUAS M\u00c1QUINAS, LINDAS, IMPONENTES, ORIGINAIS, REPRESENTANDO 2 UNIDADES DE ARTILHARIA DIVISIONARIA DO EX\u00c9RCITO BRASILEIRO, O 11\u00b0 GAC E 21\u00b0 GAC.<\/p>\n\n\n\n<p>ESSAS VIATURAS TRACIONAVAM H\u00c1 POUCO TEMPO OS OBUZES DE 155 MM, USADOS NA II GM.<\/p>\n\n\n\n<p>A SOLU\u00c7\u00c3O DA ORGANIZA\u00c7\u00c3O DO EVENTO, FOI DAR O PREMIO DE 1\u00b0 LUGAR NA CATEGORIA, AOS DOIS CAMINH\u00d5ES, COMO S\u00d3 TEM UM TROF\u00c9U, OS DOIS RESOLVERAM DEIXA LO GUARDADO NO MUSEU DO CVMARJ.<\/p>\n\n\n\n<p>SOMOS CVMARJ!<\/p>\n\n\n\n<p>VAMOS EM FRENTE!<\/p>\n\n\n\n<figure class=\"wp-block-image size-large\"><img fetchpriority=\"high\" decoding=\"async\" width=\"1024\" height=\"473\" src=\"https:\/\/cvmarj.org.br\/site\/wp-content\/uploads\/2022\/04\/2c7cfd69-7b93-4227-a0e7-7a3dafcf0ff3-1024x473.jpg\" alt=\"\" class=\"wp-image-3436\" srcset=\"https:\/\/cvmarj.org.br\/site\/wp-content\/uploads\/2022\/04\/2c7cfd69-7b93-4227-a0e7-7a3dafcf0ff3-1024x473.jpg 1024w, https:\/\/cvmarj.org.br\/site\/wp-content\/uploads\/2022\/04\/2c7cfd69-7b93-4227-a0e7-7a3dafcf0ff3-300x138.jpg 300w, https:\/\/cvmarj.org.br\/site\/wp-content\/uploads\/2022\/04\/2c7cfd69-7b93-4227-a0e7-7a3dafcf0ff3-768x354.jpg 768w, https:\/\/cvmarj.org.br\/site\/wp-content\/uploads\/2022\/04\/2c7cfd69-7b93-4227-a0e7-7a3dafcf0ff3-1536x709.jpg 1536w, https:\/\/cvmarj.org.br\/site\/wp-content\/uploads\/2022\/04\/2c7cfd69-7b93-4227-a0e7-7a3dafcf0ff3.jpg 1599w\" sizes=\"(max-width: 1024px) 100vw, 1024px\" \/><\/figure>\n","protected":false},"excerpt":{"rendered":"<p>RJ, RJ, 23\/04\/2022. CVMARJ, MANDA REPRESENTA\u00c7\u00c3O PARA A EXPOSI\u00c7\u00c3O DE \u00c1GUAS DE LINDOIA E CAUSA PROBLEMAS PARA A ORGANIZA\u00c7\u00c3O DO EVENTO! MANDAMOS DOIS MB 1519, MANUTE, REPRESENTANDO O CVMARJ, DUAS M\u00c1QUINAS, LINDAS, IMPONENTES, ORIGINAIS, REPRESENTANDO 2 UNIDADES DE ARTILHARIA DIVISIONARIA DO EX\u00c9RCITO BRASILEIRO, O 11\u00b0 GAC E 21\u00b0 GAC. ESSAS VIATURAS TRACIONAVAM H\u00c1 POUCO TEMPO&hellip;&nbsp;<a href=\"https:\/\/cvmarj.org.br\/site\/index.php\/2022\/04\/27\/representacao-para-a-exposicao-de-aguas-de-lindoia\/\" class=\"\" rel=\"bookmark\">Ler mais &raquo;<span class=\"screen-reader-text\">REPRESENTA\u00c7\u00c3O PARA A EXPOSI\u00c7\u00c3O DE \u00c1GUAS DE LINDOIA<\/span><\/a><\/p>\n","protected":false},"author":1,"featured_media":3435,"comment_status":"closed","ping_status":"closed","sticky":false,"template":"","format":"standard","meta":{"neve_meta_sidebar":"full-width","neve_meta_container":"","neve_meta_enable_content_width":"","neve_meta_content_width":0,"neve_meta_title_alignment":"center","neve_meta_author_avatar":"","neve_post_elements_order":"[\"title\",\"meta\",\"content\",\"tags\",\"comments\"]","neve_meta_disable_header":"","neve_meta_disable_footer":"","neve_meta_disable_title":"","footnotes":""},"categories":[9],"tags":[],"_links":{"self":[{"href":"https:\/\/cvmarj.org.br\/site\/index.php\/wp-json\/wp\/v2\/posts\/3432"}],"collection":[{"href":"https:\/\/cvmarj.org.br\/site\/index.php\/wp-json\/wp\/v2\/posts"}],"about":[{"href":"https:\/\/cvmarj.org.br\/site\/index.php\/wp-json\/wp\/v2\/types\/post"}],"author":[{"embeddable":true,"href":"https:\/\/cvmarj.org.br\/site\/index.php\/wp-json\/wp\/v2\/users\/1"}],"replies":[{"embeddable":true,"href":"https:\/\/cvmarj.org.br\/site\/index.php\/wp-json\/wp\/v2\/comments?post=3432"}],"version-history":[{"count":3,"href":"https:\/\/cvmarj.org.br\/site\/index.php\/wp-json\/wp\/v2\/posts\/3432\/revisions"}],"predecessor-version":[{"id":3439,"href":"https:\/\/cvmarj.org.br\/site\/index.php\/wp-json\/wp\/v2\/posts\/3432\/revisions\/3439"}],"wp:featuredmedia":[{"embeddable":true,"href":"https:\/\/cvmarj.org.br\/site\/index.php\/wp-json\/wp\/v2\/media\/3435"}],"wp:attachment":[{"href":"https:\/\/cvmarj.org.br\/site\/index.php\/wp-json\/wp\/v2\/media?parent=3432"}],"wp:term":[{"taxonomy":"category","embeddable":true,"href":"https:\/\/cvmarj.org.br\/site\/index.php\/wp-json\/wp\/v2\/categories?post=3432"},{"taxonomy":"post_tag","embeddable":true,"href":"https:\/\/cvmarj.org.br\/site\/index.php\/wp-json\/wp\/v2\/tags?post=3432"}],"curies":[{"name":"wp","href":"https:\/\/api.w.org\/{rel}","templated":true}]}}