{"id":3445,"date":"2022-05-04T08:00:00","date_gmt":"2022-05-04T11:00:00","guid":{"rendered":"https:\/\/cvmarj.org.br\/site\/?p=3445"},"modified":"2022-07-08T11:58:13","modified_gmt":"2022-07-08T14:58:13","slug":"lembranca-08","status":"publish","type":"post","link":"https:\/\/cvmarj.org.br\/site\/index.php\/2022\/05\/04\/lembranca-08\/","title":{"rendered":"Lembran\u00e7a 08"},"content":{"rendered":"\n<p>Op\u00e7\u00f5es Democr\u00e1ticas<br>Por Iber\u00ea Mariano da Silva.<\/p>\n\n\n\n<p>Quando no CMRJ, Ainda e a Patota da Tijuca.<\/p>\n\n\n\n<p>Tenho sempre o h\u00e1bito de formar minhas convic\u00e7\u00f5es raciocinando com meu pr\u00f3prio c\u00e9rebro.<\/p>\n\n\n\n<p>Se aceito outras opini\u00f5es, o fa\u00e7o procurando ver se por tr\u00e1s, n\u00e3o existe por parte do opinante extremismo, v\u00ednculos com ideologias esp\u00farias e o real conhecimento do mesmo sobre os fatos.<\/p>\n\n\n\n<p>Alguns acontecimentos foram por mim vivenciados, outros por mim investigados com aux\u00edlio, ou n\u00e3o, de pessoas isentas e confi\u00e1veis.&nbsp;<\/p>\n\n\n\n<p>Algumas de minhas aprecia\u00e7\u00f5es s\u00e3o provenientes de minhas percep\u00e7\u00f5es bem refletidas.<\/p>\n\n\n\n<p>O ano era 1963, eu era Oficial Aluno no 3\u00ba ano Cient\u00edfico do Col\u00e9gio Militar do Rio de Janeiro.<\/p>\n\n\n\n<p>Concomitantemente ao CMRJ, a minha turma do Esquadr\u00e3o de Cavalaria, cursava o CFR (Curso de Forma\u00e7\u00e3o de Reservista).<\/p>\n\n\n\n<p>Os Instrutores eram os Tenentes Jo\u00e3o Luiz e Coelho.<\/p>\n\n\n\n<p>Jamais tivemos, por parte deles, qualquer coment\u00e1rio ou posi\u00e7\u00e3o pol\u00edtica.<\/p>\n\n\n\n<p>Eles n\u00e3o pareciam acompanhar e nem, a meu ver, se interessar pela situa\u00e7\u00e3o confusa que se encontrava o pa\u00eds.<\/p>\n\n\n\n<p>Ou seja, parecia que confiavam plenamente nas decis\u00f5es de seus Escal\u00f5es Superiores.<\/p>\n\n\n\n<p>Ou seria, por acaso, que eles teriam recebido ordem para n\u00e3o preocupar ou influenciar nossas jovens mentes?&nbsp;<\/p>\n\n\n\n<p>Contudo, pouco a pouco, tomando conhecimento do cen\u00e1rio que estava se formando, fazia com que emo\u00e7\u00f5es aflorassem.<\/p>\n\n\n\n<p>Uma necessidade, vindo do interior de meu ser, gritava por rea\u00e7\u00f5es.<\/p>\n\n\n\n<p>Em setembro, a minha patota de rua, se reuniu com v\u00e1rias outras das circunvizinhan\u00e7as e nos preparamos para expulsar da nossa pra\u00e7a ( a Pra\u00e7a S\u00e1enz Pe\u00f1a na Tijuca ), uns caras que iam fazer com\u00edcio.<\/p>\n\n\n\n<p>Era, para n\u00f3s, um absurdo.<\/p>\n\n\n\n<p>Est\u00e1vamos tendo nosso territ\u00f3rio invadido.<\/p>\n\n\n\n<p>N\u00e3o \u00e9 que tiv\u00e9ssemos qualquer orienta\u00e7\u00e3o pol\u00edtica.<\/p>\n\n\n\n<p>Era que simplesmente, n\u00f3s tijucanos n\u00e3o admit\u00edamos que pessoas estranhas ousassem vir a ditar regras em nossa regi\u00e3o.<\/p>\n\n\n\n<p>( O tijucano \u00e9 extremamente bairrista sendo um dos pouqu\u00edssimos bairros do Rio com gent\u00edlico ).<\/p>\n\n\n\n<p>Combinamos e nos preparamos.<\/p>\n\n\n\n<p>Recolhemos tomates podres nas feiras.<\/p>\n\n\n\n<p>Furamos ovos e injetamos agua sanit\u00e1ria nos mesmos, e tampando o furo com cola, o sacud\u00edamos at\u00e9 arrebentar a gema.<\/p>\n\n\n\n<p>Fomos para nossa pra\u00e7a, em hora pr\u00e9-determinada e l\u00e1 estava um palanque constru\u00eddo e o local inundado com \u201csantinhos\u201d e in\u00fameros banners vermelhos da Petrobr\u00e1s com dizeres e palavras de efeitos.<\/p>\n\n\n\n<p>Os mais fortinhos se posicionaram ao lado dos capangas dos oradores.<\/p>\n\n\n\n<p>No momento em que um palestrante pronunciou que as mudan\u00e7as pretendidas seriam imediatas, inexor\u00e1veis e imut\u00e1veis, algu\u00e9m deu um sinal apitando.<\/p>\n\n\n\n<p>A\u00ed, uma chuva de ovos podres e tomates foram arremessados nos oradores.<\/p>\n\n\n\n<p>Concomitantemente todas as faixas e os banners foram arrancados e os capangas cercados e amea\u00e7ados.<\/p>\n\n\n\n<p>Rapidamente todos os invasores de nossa pra\u00e7a se retra\u00edram deixando para tr\u00e1s microfones, amplificadores e alto falantes.<\/p>\n\n\n\n<p>Nunca mais, sequer pensaram em voltar ao nosso santu\u00e1rio.<\/p>\n\n\n\n<p>Vencemos aquele grupelho fantasiado de vermelho.<\/p>\n\n\n\n<p>Quando na Chegada na AMAN, e a Revolu\u00e7\u00e3o de 64.<\/p>\n\n\n\n<p>Em 1964, no dia 13 de fevereiro, meu anivers\u00e1rio, os aprovados para a Academia Militar das Agulhas Negras ( AMAN ) que estavam no Rio de Janeiro, embarcaram rumo a Resende num trem suburbano especial da Central do Brasil.<\/p>\n\n\n\n<p>Ele foi at\u00e9 o fim da rede a\u00e9rea el\u00e9trica, e a\u00ed uma locomotiva a Diesel o tracionou at\u00e9 Rezende.<\/p>\n\n\n\n<p>L\u00e1, desembarcamos na esta\u00e7\u00e3o e percorremos a p\u00e9 at\u00e9 o Port\u00e3o Monumental da AMAN.<\/p>\n\n\n\n<p>Como era emocionante adentrar aquele centro de saber, aonde passar\u00edamos os pr\u00f3ximos anos.<\/p>\n\n\n\n<p>Como era majestoso aquele Port\u00e3o Monumental.<\/p>\n\n\n\n<p>Percorremos mais 800 metros at\u00e9 o pr\u00e9dio principal, e chegamos finalmente aos alojamentos.<\/p>\n\n\n\n<p>N\u00e3o nos matricularam de cara, pois o Regimento Interno estava mudando e o Curso estava passando de tr\u00eas para quatro anos.<\/p>\n\n\n\n<p>Enquanto a burocracia andava para assinar a lei, ficamos fazendo testes psicot\u00e9cnicos e n\u00f3s, duzentos e poucos futuros Cadetes, assist\u00edamos palestras de ambienta\u00e7\u00e3o, tom\u00e1vamos conhecimento das NGA (Normas Gerais de A\u00e7\u00e3o) e t\u00ednhamos Instru\u00e7\u00e3o Militar.<\/p>\n\n\n\n<p>Em 2 de mar\u00e7o de 1964, finalmente fomos matriculados.<\/p>\n\n\n\n<p>Na noite entre 31 de mar\u00e7o e 1\u00ba de abril, numa formatura da 1\u00aa Companhia ( eram 3 ), o Capit\u00e3o Comandante, meio nervoso, perguntou quem sabia atirar.<\/p>\n\n\n\n<p>Eu, um novato nos ardis militares, e mais dois nos apresentamos.<\/p>\n\n\n\n<p>Estes atiravam em espingarda de ar comprimido.<\/p>\n\n\n\n<p>J\u00e1 eu, tinha e treinava tiro ao alvo com uma espingarda calibre .22.<\/p>\n\n\n\n<p>Fomos, nos tr\u00eas, conduzidos para o Parque da Infantaria.<\/p>\n\n\n\n<p>L\u00e1 estavam os Cadetes do 2\u00ba e 3\u00ba anos se equipando, recebendo muni\u00e7\u00e3o e armamento, al\u00e9m de outros preparativos.<\/p>\n\n\n\n<p>Fomos recebidos como \u201cos bichos ( Cadetes Novatos) que &#8220;sabem atirar\u201d.&nbsp;<\/p>\n\n\n\n<p>Em consequ\u00eancia, recebemos uma metralhadora Madsen .30.<\/p>\n\n\n\n<p>Me designaram como atirador e os outros dois como municiador e remuniciador.<\/p>\n\n\n\n<p>\u00c9 claro, que jogaram esta arma para os \u201dbichos\u201d.<\/p>\n\n\n\n<p>Ela com 9 kg era muito mais pesada que o mosquet\u00e3o .30 M 954 dos Infantes.<\/p>\n\n\n\n<p>Passamos a ser chamados como os \u201cBichos\u201d da Madsen&#8221;, depois os &#8220;Cadetes da Madsen&#8221; e finalmente a &#8220;Guarni\u00e7\u00e3o da Madsen&#8221;.<\/p>\n\n\n\n<p>Um Tenente veio e nos explicou todo o funcionamento, inclusive do reparo.<\/p>\n\n\n\n<p>Sem nada falar e sem nada ponderar, como cabe a todos que est\u00e3o em um ambiente que n\u00e3o dominam, de nada sab\u00edamos o que se passava.<\/p>\n\n\n\n<p>Embarcamos pela manh\u00e3 em viaturas com destino a uma ponte de tr\u00eas arcos na \u201creta de Resende\u201d na Rio-S\u00e3o Paulo.<\/p>\n\n\n\n<p>&nbsp;&nbsp;&nbsp;&nbsp; Encontramos l\u00e1 os Cadetes da arma de Engenharia que estavam minando a ponte.<\/p>\n\n\n\n<p>Cabe aqui ressaltar que a rodovia n\u00e3o era duplicada, e que a ponte passava sobre a ferrovia, Rio Para\u00edba e toda rede telegr\u00e1fica e telef\u00f4nica.<\/p>\n\n\n\n<p>Era um ponto estrat\u00e9gico que se destru\u00edda e ca\u00edda sobre a ferrovia, interromperia toda comunica\u00e7\u00e3o Rio-S\u00e3o Paulo.<br>&nbsp; &nbsp;<br>L\u00e1 encontravam-se, tamb\u00e9m, os Cadetes de Intend\u00eancia, planejando a alimenta\u00e7\u00e3o e o remuniciamento, os Cadetes de Artilharia posicionando os obuseiros para bater as posi\u00e7\u00f5es pr\u00e9-demarcadas, os Cadetes de Cavalaria em posi\u00e7\u00e3o definida, os de Material B\u00e9lico prontos para atuar, e os de Comunica\u00e7\u00f5es se conectando com o Comando da AMAN.<\/p>\n\n\n\n<p>Para mim, constru\u00edram um espald\u00e3o ( uma esp\u00e9cie de trincheira em \u201cU\u201d em que a Madsen ficava no centro ).<\/p>\n\n\n\n<p>Eu tinha plena vis\u00e3o da ponte.<\/p>\n\n\n\n<p>Foi nesta hora, que tomamos conhecimento da situa\u00e7\u00e3o.<\/p>\n\n\n\n<p>\u00c9ramos revolucion\u00e1rios.<\/p>\n\n\n\n<p>Est\u00e1vamos contra o governo que queria abandonar a democracia e instalar o regime comunista no Brasil.<\/p>\n\n\n\n<p>Est\u00e1vamos com o II Ex\u00e9rcito que marchava em dire\u00e7\u00e3o ao Rio.<\/p>\n\n\n\n<p>O I Ex\u00e9rcito, ainda, permanecia ligado ao governo central e se p\u00f4s em marcha em dire\u00e7\u00e3o ao II Ex\u00e9rcito.<\/p>\n\n\n\n<p>A primeira Unidade que estava no itiner\u00e1rio era o 1\u00ba BIB de Barra Mansa que atuava na \u00e1rea em que Volta Redonda estava inclusa.<\/p>\n\n\n\n<p>O Comandante do 1\u00ba BIB posicionou suas tropas e seus blindados nas estradas que acessavam a \u00e1rea e colocou na radio ZYP-26, R\u00e1dio Cidade do A\u00e7o, a mensagem repetida sem parar: _N\u00e3o entrem em Volta Redonda!<\/p>\n\n\n\n<p>N\u00e3o estamos do lado de ningu\u00e9m.<\/p>\n\n\n\n<p>Estamos cumprindo nossa miss\u00e3o que \u00e9 defender a CSN (Companhia Sider\u00fargica Nacional), patrim\u00f4nio Nacional.<\/p>\n\n\n\n<p>A primeira Unidade rebelada, portanto, que o I Ex\u00e9rcito encontraria seria a AMAN.<\/p>\n\n\n\n<p>Contudo, a AMAN por ser a C\u00e9lula Mater do Ex\u00e9rcito evitou o confronto, que levaria choque entre pai e filho, entre filho e pai, entre antigos companheiros e entre ex-conterr\u00e2neos por estarem em lados opostos.<\/p>\n\n\n\n<p>A primeira tropa do Rio, que chegou perto da ponte, salvo engano e lembran\u00e7as, foi o Regimento de Obuses RO-105.<\/p>\n\n\n\n<p>Um Tenente deles e um nosso, acompanhados de soldados com bandeiras brancas na baioneta, se encontraram no meio da ponte.<\/p>\n\n\n\n<p>Ap\u00f3s conversarem, se afastaram e a tropa do RO 105 virou as pe\u00e7as apontando para a dire\u00e7\u00e3o do Rio.<\/p>\n\n\n\n<p>O mesmo aconteceu com cada tropa que chegava.<\/p>\n\n\n\n<p>Entravam em posi\u00e7\u00e3o contra o Rio.<\/p>\n\n\n\n<p>E, assim, todo I Ex\u00e9rcito aderiu.<\/p>\n\n\n\n<p>Eu, do meu ponto de observa\u00e7\u00e3o privilegiado, assisti tudo. Um misto de alivio e felicidade me invadiu ao ver que a contenta estava resolvida.<\/p>\n\n\n\n<p>Felizmente n\u00e3o haveria derramamento de sangue.&nbsp;<\/p>\n\n\n\n<p>A democracia prevaleceu e n\u00f3s, Cadetes, exultantes voltamos para nossa AMAN vitoriosos.<br>&nbsp;<br>Meu Pai e a CSN<\/p>\n\n\n\n<p>Meu pai foi um piot\u00e1rio ( aquele que chega antes dos pioneiros ), na constru\u00e7\u00e3o da Companhia Sider\u00fargica Nacional.<\/p>\n\n\n\n<p>Ele chegou com mais cinco engenheiros e esposas e foram morar na casa grande da fazenda Crispim, que ficava em frente \u00e0 Volta Redonda que o Rio Para\u00edba fazia.<\/p>\n\n\n\n<p>S\u00f3 seis meses depois \u00e9 que come\u00e7aram a chegar os primeiros oper\u00e1rios.<\/p>\n\n\n\n<p>L\u00e1 ele passou toda sua vida at\u00e9 se aposentar.<\/p>\n\n\n\n<p>Ele adorava aquela companhia.<\/p>\n\n\n\n<p>Me lembro, que pequeno ainda, ele me levava aos s\u00e1bados para perambular por toda usina.<\/p>\n\n\n\n<p>Ele conversava com todos oper\u00e1rios e perguntava como estava a fam\u00edlia, que ele, com sua mem\u00f3ria prodigiosa, sabia os nomes.<\/p>\n\n\n\n<p>Ele, al\u00e9m de l\u00edder, era adorado pelo operariado.<\/p>\n\n\n\n<p>N\u00e3o raro, ele substitu\u00eda um oper\u00e1rio numa opera\u00e7\u00e3o, para ensin\u00e1-lo uma maneira mais eficiente para realizar o trabalho.<\/p>\n\n\n\n<p>Em 1964, meu pai j\u00e1 era o Diretor Industrial da CSN.<\/p>\n\n\n\n<p>Dentro da Diretoria, ele era o \u00fanico n\u00e3o comunista.<\/p>\n\n\n\n<p>Em abril, durante a revolu\u00e7\u00e3o de 64, ele, com um grupo de oper\u00e1rios fi\u00e9is e devotados, percorria, diuturnamente, a Usina para impedir que uns transloucados esquerdistas explodissem os Altos Fornos e O GRANDE GAS\u00d4METRO.<\/p>\n\n\n\n<p>Todo o resto da Diretoria comuna foi presa e levada para uma ala de Cadetes vazia na AMAN.<\/p>\n\n\n\n<p>Ele foi nomeado, pelo Marechal Castelo Branco, provisoriamente, como Interventor Civil e Militar de Volta Redonda e Barra Mansa.<\/p>\n\n\n\n<p>O Presidente n\u00e3o confiava no Comandante do 1\u00ba BIB.<\/p>\n\n\n\n<p>Interessante \u00e9 explicitar que toda sua forma\u00e7\u00e3o militar consistia em ter servido, na juventude, num Tiro de Guerra.<\/p>\n\n\n\n<p>Assim, ele recebia do Comando do Movimento Revolucion\u00e1rio diversos documentos reservados.<\/p>\n\n\n\n<p>Eu, Cadete, curioso, num fim de semana, aproveitando que ele bobeara e deixara a porta do escrit\u00f3rio aberta, entrei para dar uma olhada nos documentos.<\/p>\n\n\n\n<p>Um dos documentos que li, foi todo o plano feito pelo Grupo dos 11 de Volta Redonda do assassinato dele.<\/p>\n\n\n\n<p>Foi elaborado pelo Diretor Social, colega dele, cuja filha era muito minha amiga.<\/p>\n\n\n\n<p>Como ele era muito met\u00f3dico e sempre ia ao cinema \u201c9 de Abril\u201d no mesmo hor\u00e1rio, o assassinato seria no dia 2 de maio atrav\u00e9s de uma inje\u00e7\u00e3o letal, quando estivesse na fila para comprar o ingresso.<\/p>\n\n\n\n<p>Felizmente, a Revolu\u00e7\u00e3o de 31 de mar\u00e7o deu-se antes.<br>&nbsp;<br>&nbsp;<br>O Cen\u00e1rio de Mar\u00e7o, Abril e Maio de 1964<\/p>\n\n\n\n<p>Quem j\u00e1 viveu um pouco mais, consegue admitir correla\u00e7\u00f5es entre diversos fatos e tem a sensa\u00e7\u00e3o que j\u00e1 viu ou passou por isto ou aquilo.<\/p>\n\n\n\n<p>Voc\u00ea formar opini\u00e3o baseada em dados de pessoas n\u00e3o plenamente informadas, desconhecedoras da realidade ou de deformadores mal-intencionados seguidores de uma ideologia, \u00e9 querer ser enganado.<\/p>\n\n\n\n<p>O que houve ou haveria em mar\u00e7o, abril e maio de 1964 foram fatos reais e\/ou planejamentos diversos, n\u00e3o necessariamente interconectados.<\/p>\n\n\n\n<p>Na \u00e9poca, a confus\u00e3o era geral.<\/p>\n\n\n\n<p>Seis revolu\u00e7\u00f5es estavam em andamento.<\/p>\n\n\n\n<p>Todas sem relacionamento entre si, e com pouco conhecimento uma da outra.<\/p>\n\n\n\n<p>Se n\u00e3o, relembremos um resumo r\u00e1pido das seis:<\/p>\n\n\n\n<p>A)&nbsp;&nbsp;&nbsp;&nbsp; A marcha do IV Ex\u00e9rcito em 17 de mar\u00e7o.<\/p>\n\n\n\n<p>Esta foi retra\u00edda por ordem de um Comando Revolucion\u00e1rio em forma\u00e7\u00e3o, que avisou que haveria algo de car\u00e1cter geral no Brasil nas duas pr\u00f3ximas semanas;<\/p>\n\n\n\n<p>B)&nbsp;&nbsp;&nbsp;&nbsp;&nbsp; A que foi efetivamente desencadeada em 30\/31 de mar\u00e7o que ficou conhecida como a \u201cRevolu\u00e7\u00e3o Democr\u00e1tica de 31 de Mar\u00e7o\u201d;<\/p>\n\n\n\n<p>C)&nbsp;&nbsp;&nbsp;&nbsp;&nbsp; A revolu\u00e7\u00e3o da<br>Direita partid\u00e1ria que seria em 17-20 abril e contava com Lacerda, que adquirira e recebera armamento externo, Magalh\u00e3es Pinto, Adhemar de Barros e outros.<\/p>\n\n\n\n<p>V\u00e1rias armas e caixas de muni\u00e7\u00f5es, que ainda seriam distribu\u00eddas, est\u00e3o escondidas por a\u00ed em cach\u00eas cuja localiza\u00e7\u00e3o foi esquecida pelos ex-integrantes.<\/p>\n\n\n\n<p>Era constitu\u00edda inclusive por muitos jovens estudantes.<\/p>\n\n\n\n<p>Estando inclusos entre eles meus dois primos S\u00e9rgio e Roberto universit\u00e1rios ligados \u00e0 Direita, que receberam submetralhadoras INA &nbsp;M953 calibre .45 e v\u00e1rios carregadores.<\/p>\n\n\n\n<p>Ela era organizada em grupos estanques centrados e controlados por um Almirante;<\/p>\n\n\n\n<p>D)&nbsp;&nbsp;&nbsp;&nbsp; Os \u201cIrm\u00e3ozinhos do Norte\u201d jamais admitiriam uma nova Cuba com o porte do Brasil ou um sat\u00e9lite da China.<\/p>\n\n\n\n<p>Mais para o final de abril, haveria um desembarque de tropa americana ( Opera\u00e7\u00e3o Brother Sam ) no litoral do Esp\u00edrito Santo.<\/p>\n\n\n\n<p>Ela marcharia em dire\u00e7\u00e3o a Belo Horizonte e cortaria o Brasil,&nbsp;criando,&nbsp;a princ\u00edpio, o Brasil do Norte e o Brasil do Sul.<\/p>\n\n\n\n<p>O embaixador americano Abraham Lincoln Gordon tinha pleno conhecimento e confabulava com os presidentes americanos Kennedy e Johnson.<\/p>\n\n\n\n<p>Esta foi suspensa devido sucesso da de 31 mar\u00e7o;<\/p>\n\n\n\n<p>E)&nbsp;&nbsp;&nbsp;&nbsp;&nbsp; A revolu\u00e7\u00e3o sindicalista da Esquerda comunista de 1\u00ba de maio, do grupo de Jango (Jo\u00e3o Goulart); e<\/p>\n\n\n\n<p>F) A revolu\u00e7\u00e3o de Esquerda socialista de 2 de maio do Brizola (socialismo moreno) e seus v\u00e1rios Grupos dos 11, \u00e0 qual tive acesso ao ler o planejamento do grupo dos 11 de Volta Redonda, no qual constava, inclusive, o plano do assassinato do meu pai.<\/p>\n\n\n\n<p>A Revolu\u00e7\u00e3o de 31 de mar\u00e7o abortou as que se seguiriam.<\/p>\n\n\n\n<p>Ela desarmou tanto os radicais de Direita como os de Esquerda ( embora s\u00f3 os de Esquerda ), continuem com a\u00e7\u00f5es revanchistas e procurem desculpas imbecis e metamorfoses para se justificarem de suas vergonhas.&nbsp; &nbsp;&nbsp;<\/p>\n\n\n\n<p>Passados mais de meio s\u00e9culo, eis que a velha senoide da vida pol\u00edtica se apresenta.<\/p>\n\n\n\n<p>Agora com maquina\u00e7\u00f5es.<\/p>\n\n\n\n<p>Estes est\u00e3o disfar\u00e7ados em valores do \u201cpoliticamente correto\u201d procurando se imiscuir em \u201cTemas Ambientais\u201d e \u201cDireitos Humanos&#8221;.<\/p>\n\n\n\n<p>Embora temas v\u00e1lidos, temos novamente os mesmos aproveitadores e corruptos de sempre, socialistas\/ comunistas querendo impor um regime desgastado e defasado ao Brasil.<\/p>\n\n\n\n<p>Gen Bda Eng Mil Veterano Iber\u00ea Mariano da Silva \u2013 Engenheiro Eletr\u00f4nico e Nuclear \u2013 AMAN \u2013 CPEAEX &#8212; \u00a0Turma 1967 \u2013 Material B\u00e9lico<\/p>\n","protected":false},"excerpt":{"rendered":"<p>Op\u00e7\u00f5es Democr\u00e1ticasPor Iber\u00ea Mariano da Silva. Quando no CMRJ, Ainda e a Patota da Tijuca. Tenho sempre o h\u00e1bito de formar minhas convic\u00e7\u00f5es raciocinando com meu pr\u00f3prio c\u00e9rebro. Se aceito outras opini\u00f5es, o fa\u00e7o procurando ver se por tr\u00e1s, n\u00e3o existe por parte do opinante extremismo, v\u00ednculos com ideologias esp\u00farias e o real conhecimento do&hellip;&nbsp;<a href=\"https:\/\/cvmarj.org.br\/site\/index.php\/2022\/05\/04\/lembranca-08\/\" class=\"\" rel=\"bookmark\">Ler mais &raquo;<span class=\"screen-reader-text\">Lembran\u00e7a 08<\/span><\/a><\/p>\n","protected":false},"author":1,"featured_media":2887,"comment_status":"closed","ping_status":"closed","sticky":false,"template":"","format":"standard","meta":{"neve_meta_sidebar":"full-width","neve_meta_container":"","neve_meta_enable_content_width":"","neve_meta_content_width":0,"neve_meta_title_alignment":"center","neve_meta_author_avatar":"","neve_post_elements_order":"[\"title\",\"meta\",\"content\",\"tags\",\"comments\"]","neve_meta_disable_header":"","neve_meta_disable_footer":"","neve_meta_disable_title":"","footnotes":""},"categories":[16],"tags":[],"_links":{"self":[{"href":"https:\/\/cvmarj.org.br\/site\/index.php\/wp-json\/wp\/v2\/posts\/3445"}],"collection":[{"href":"https:\/\/cvmarj.org.br\/site\/index.php\/wp-json\/wp\/v2\/posts"}],"about":[{"href":"https:\/\/cvmarj.org.br\/site\/index.php\/wp-json\/wp\/v2\/types\/post"}],"author":[{"embeddable":true,"href":"https:\/\/cvmarj.org.br\/site\/index.php\/wp-json\/wp\/v2\/users\/1"}],"replies":[{"embeddable":true,"href":"https:\/\/cvmarj.org.br\/site\/index.php\/wp-json\/wp\/v2\/comments?post=3445"}],"version-history":[{"count":2,"href":"https:\/\/cvmarj.org.br\/site\/index.php\/wp-json\/wp\/v2\/posts\/3445\/revisions"}],"predecessor-version":[{"id":3838,"href":"https:\/\/cvmarj.org.br\/site\/index.php\/wp-json\/wp\/v2\/posts\/3445\/revisions\/3838"}],"wp:featuredmedia":[{"embeddable":true,"href":"https:\/\/cvmarj.org.br\/site\/index.php\/wp-json\/wp\/v2\/media\/2887"}],"wp:attachment":[{"href":"https:\/\/cvmarj.org.br\/site\/index.php\/wp-json\/wp\/v2\/media?parent=3445"}],"wp:term":[{"taxonomy":"category","embeddable":true,"href":"https:\/\/cvmarj.org.br\/site\/index.php\/wp-json\/wp\/v2\/categories?post=3445"},{"taxonomy":"post_tag","embeddable":true,"href":"https:\/\/cvmarj.org.br\/site\/index.php\/wp-json\/wp\/v2\/tags?post=3445"}],"curies":[{"name":"wp","href":"https:\/\/api.w.org\/{rel}","templated":true}]}}