{"id":3494,"date":"2022-05-17T21:37:54","date_gmt":"2022-05-18T00:37:54","guid":{"rendered":"https:\/\/cvmarj.org.br\/site\/?p=3494"},"modified":"2022-07-08T11:57:04","modified_gmt":"2022-07-08T14:57:04","slug":"lembranca-10","status":"publish","type":"post","link":"https:\/\/cvmarj.org.br\/site\/index.php\/2022\/05\/17\/lembranca-10\/","title":{"rendered":"Lembran\u00e7a 10"},"content":{"rendered":"\n<p>Tiro Ioi\u00f4<br>por Iber\u00ea Mariano da Silva<\/p>\n\n\n\n<p>Na \u00e9poca em que cheguei em Manaus, (1970), havia uma esp\u00e9cie de diretriz, que todos Oficiais que viajavam muito a servi\u00e7o, deviam fazer o Curso de Guerra na Selva.<\/p>\n\n\n\n<p>Eu por for\u00e7a de apoiar todas OMs da Regi\u00e3o Amaz\u00f4nica, fui matriculado, como volunt\u00e1rio, no Curso.<\/p>\n\n\n\n<p>Este foi muito interessante e cheio de passagens inesquec\u00edveis.<\/p>\n\n\n\n<p>O CIGS (Centro de Instru\u00e7\u00e3o de Guerra na Selva), em 1970, mudou de nome para COSAC (Centro de Opera\u00e7\u00f5es na Selva e A\u00e7\u00f5es de Comando).<\/p>\n\n\n\n<p>Temos no Ex\u00e9rcito alguns inventores de nomes, que est\u00e3o sempre inconformados com nomes antigos.<\/p>\n\n\n\n<p>Devido a novas fun\u00e7\u00f5es, chegaram a Manaus os Capit\u00e3es Aldo, Valporto e Rebelo para organizar o Curso de Comandos de Selva.<\/p>\n\n\n\n<p>Por eu pertencer a uma Unidade de apoio, ter muito material dispon\u00edvel e agora ser \u201cguerreiro de selva GS 563\u201d, me pediram apoio.<\/p>\n\n\n\n<p>Come\u00e7amos a testar todo tipo de armamento na floresta e nos rios.<\/p>\n\n\n\n<p>Obus 105 e morteiro 81 sobre chatas, lan\u00e7a roj\u00e3o, lan\u00e7a-chamas, granadas, arco e flecha, besta, facas de combate, e o que voc\u00ea imaginar.<\/p>\n\n\n\n<p>Mas, como \u00e9 quase norma, um acidente estava fadado a acontecer.<\/p>\n\n\n\n<p>Est\u00e1vamos testando o tiro de morteiro 60 mm na selva.<\/p>\n\n\n\n<p>O tiro \u00e9 inverso do normal.<\/p>\n\n\n\n<p>Voc\u00ea acha um furo nas folhagens e galhos l\u00e1 no alto, de tal forma que voc\u00ea veja o c\u00e9u.<\/p>\n\n\n\n<p>A\u00ed voc\u00ea posiciona o morteiro j\u00e1 com a inclina\u00e7\u00e3o desejada, de tal forma que a trajet\u00f3ria passe pelo furo.<\/p>\n\n\n\n<p>Complexo, mas funciona, principalmente se tiver um aparelho de pontaria de boca apropriado.<\/p>\n\n\n\n<p>N\u00e3o t\u00ednhamos, pois ainda n\u00f3s n\u00e3o o hav\u00edamos inventado.<\/p>\n\n\n\n<p>Os tr\u00eas primeiros tiros foram uma beleza.<\/p>\n\n\n\n<p>No quarto, nos descuidamos da verifica\u00e7\u00e3o, e a granada bateu num galho no alto de uma \u00e1rvore e voltou, tal e qual tiro ioi\u00f4.<\/p>\n\n\n\n<p>Nos jogamos no ch\u00e3o, de tal forma que, entre o corpo e o solo n\u00e3o passava nem pensamento.<\/p>\n\n\n\n<p>A granada explodiu.<\/p>\n\n\n\n<p>O tempo passou a uma velocidade extraordinariamente lenta.<\/p>\n\n\n\n<p>Primeiro mex\u00edamos um dedo, com um medo de n\u00e3o ser poss\u00edvel.<\/p>\n\n\n\n<p>Depois, lentamente outro, e mais outro.<\/p>\n\n\n\n<p>Puxamos uma perna, sempre com medo de n\u00e3o ser poss\u00edvel.<\/p>\n\n\n\n<p>Depois, a outra.<\/p>\n\n\n\n<p>Em seguida mexer a cabe\u00e7a e abrir os olhos.<\/p>\n\n\n\n<p>Os ouvidos ainda zumbiam devido ao barulho.<\/p>\n\n\n\n<p>Ap\u00f3s nos checarmos e ainda grudados no ch\u00e3o, come\u00e7amos a chamar os outros, baixinho, com medo que n\u00e3o respondessem.<\/p>\n\n\n\n<p>Aumentamos o volume e, ap\u00f3s confirmarmos que todos estavam vivos e bem, \u00e9 que nos estimulamos a descolar do ch\u00e3o.<\/p>\n\n\n\n<p>Ap\u00f3s, euf\u00f3ricos nos abra\u00e7amos e pulamos de alegria, enquanto verific\u00e1vamos os estilha\u00e7os cravados nas \u00e1rvores e a cratera que ficara no ch\u00e3o.<\/p>\n\n\n\n<p><\/p>\n\n\n\n<p>Gen Bda Eng Mil Veterano Iber\u00ea Mariano da Silva \u2013 Engenheiro Eletr\u00f4nico e Nuclear \u2013 AMAN \u2013 CPEAEX &#8212; \u00a0Turma 1967 \u2013 Material B\u00e9lico<\/p>\n","protected":false},"excerpt":{"rendered":"<p>Tiro Ioi\u00f4por Iber\u00ea Mariano da Silva Na \u00e9poca em que cheguei em Manaus, (1970), havia uma esp\u00e9cie de diretriz, que todos Oficiais que viajavam muito a servi\u00e7o, deviam fazer o Curso de Guerra na Selva. Eu por for\u00e7a de apoiar todas OMs da Regi\u00e3o Amaz\u00f4nica, fui matriculado, como volunt\u00e1rio, no Curso. Este foi muito interessante&hellip;&nbsp;<a href=\"https:\/\/cvmarj.org.br\/site\/index.php\/2022\/05\/17\/lembranca-10\/\" class=\"\" rel=\"bookmark\">Ler mais &raquo;<span class=\"screen-reader-text\">Lembran\u00e7a 10<\/span><\/a><\/p>\n","protected":false},"author":1,"featured_media":3492,"comment_status":"closed","ping_status":"closed","sticky":false,"template":"","format":"standard","meta":{"neve_meta_sidebar":"full-width","neve_meta_container":"","neve_meta_enable_content_width":"","neve_meta_content_width":0,"neve_meta_title_alignment":"center","neve_meta_author_avatar":"","neve_post_elements_order":"[\"title\",\"meta\",\"content\",\"tags\",\"comments\"]","neve_meta_disable_header":"","neve_meta_disable_footer":"","neve_meta_disable_title":"","footnotes":""},"categories":[16],"tags":[],"_links":{"self":[{"href":"https:\/\/cvmarj.org.br\/site\/index.php\/wp-json\/wp\/v2\/posts\/3494"}],"collection":[{"href":"https:\/\/cvmarj.org.br\/site\/index.php\/wp-json\/wp\/v2\/posts"}],"about":[{"href":"https:\/\/cvmarj.org.br\/site\/index.php\/wp-json\/wp\/v2\/types\/post"}],"author":[{"embeddable":true,"href":"https:\/\/cvmarj.org.br\/site\/index.php\/wp-json\/wp\/v2\/users\/1"}],"replies":[{"embeddable":true,"href":"https:\/\/cvmarj.org.br\/site\/index.php\/wp-json\/wp\/v2\/comments?post=3494"}],"version-history":[{"count":2,"href":"https:\/\/cvmarj.org.br\/site\/index.php\/wp-json\/wp\/v2\/posts\/3494\/revisions"}],"predecessor-version":[{"id":3836,"href":"https:\/\/cvmarj.org.br\/site\/index.php\/wp-json\/wp\/v2\/posts\/3494\/revisions\/3836"}],"wp:featuredmedia":[{"embeddable":true,"href":"https:\/\/cvmarj.org.br\/site\/index.php\/wp-json\/wp\/v2\/media\/3492"}],"wp:attachment":[{"href":"https:\/\/cvmarj.org.br\/site\/index.php\/wp-json\/wp\/v2\/media?parent=3494"}],"wp:term":[{"taxonomy":"category","embeddable":true,"href":"https:\/\/cvmarj.org.br\/site\/index.php\/wp-json\/wp\/v2\/categories?post=3494"},{"taxonomy":"post_tag","embeddable":true,"href":"https:\/\/cvmarj.org.br\/site\/index.php\/wp-json\/wp\/v2\/tags?post=3494"}],"curies":[{"name":"wp","href":"https:\/\/api.w.org\/{rel}","templated":true}]}}