{"id":3499,"date":"2022-06-01T21:33:38","date_gmt":"2022-06-02T00:33:38","guid":{"rendered":"https:\/\/cvmarj.org.br\/site\/?p=3499"},"modified":"2022-07-08T11:56:07","modified_gmt":"2022-07-08T14:56:07","slug":"lembranca-12","status":"publish","type":"post","link":"https:\/\/cvmarj.org.br\/site\/index.php\/2022\/06\/01\/lembranca-12\/","title":{"rendered":"Lembran\u00e7a 12"},"content":{"rendered":"\n<p>&#8220;CADETE, IDES COMANDAR, APRENDEI A OBEDECER&#8221;.<br>&nbsp;&nbsp;&nbsp;&nbsp;&nbsp;&nbsp;&nbsp;&nbsp;&nbsp;&nbsp;&nbsp;&nbsp;&nbsp;&nbsp;&nbsp;&nbsp;&nbsp;&nbsp;&nbsp;&nbsp;&nbsp;&nbsp;&nbsp;&nbsp;&nbsp;&nbsp;&nbsp;Por Iber\u00ea Mariano da Silva.<br>&nbsp;&nbsp;&nbsp;&nbsp;&nbsp;&nbsp;&nbsp;&nbsp;<br>Ao ser declarado Aspirante fui designado para servir na Divis\u00e3o Blindada Comandada pelo Gen Ramiro Tavares Gon\u00e7alves e seu Chefe de Estado Maior, o Cel Hugo de S\u00e1 Campelo Filho.<\/p>\n\n\n\n<p>Meu primeiro Comandante de Unidade foi o Cel Roberto Moura, que Comandava o Batalh\u00e3o de Manuten\u00e7\u00e3o da Divis\u00e3o Blindada.<\/p>\n\n\n\n<p>Em 1968, n\u00f3s, os sete Aspirantes e todos Oficiais do Batalh\u00e3o, pass\u00e1vamos o tempo todo em prontid\u00e3o, devido a situa\u00e7\u00e3o confusa, que se encontrava o pa\u00eds.<\/p>\n\n\n\n<p>Lotado, na 2^ Companhia, a qual era Comandada pelo Capit\u00e3o Caminha, formei uma equipe de a\u00e7\u00e3o r\u00e1pida para qualquer eventualidade.<\/p>\n\n\n\n<p>Todos Pra\u00e7as tinham fun\u00e7\u00f5es espec\u00edficas.<\/p>\n\n\n\n<p>Uns pegavam muni\u00e7\u00f5es e armamento, outros pegavam m\u00e1scaras contra gases, mantas, ra\u00e7\u00e3o de combate, cordas e etc.<\/p>\n\n\n\n<p>Outros ligavam as viaturas j\u00e1 abastecidas.<\/p>\n\n\n\n<p>Um belo dia, o Coronel, do alto de uma varanda interna, me chama e Comanda:\u201d Iber\u00ea sai\u201d.<\/p>\n\n\n\n<p>Acelerada, a equipe se aprontou e em 5 minutos, com o Cabo Irani dirigindo o Socorr\u00e3o Ward De La France ( Ipiranga ), passamos pelo Coronel.<\/p>\n\n\n\n<p>Perguntei-lhe qual o destino.<\/p>\n\n\n\n<p>Deixando o segundo Socorr\u00e3o, o Terer\u00ea, dirigido pelo Sgt Ronas, de prontid\u00e3o, nos dirigimos para o Batalh\u00e3o de Guardas em S\u00e3o Crist\u00f3v\u00e3o.<\/p>\n\n\n\n<p>Quando l\u00e1 chegamos e ia parando, um Oficial grita para dentro do quartel: \u201cEles chegaram\u201d.&nbsp;<\/p>\n\n\n\n<p>Ato cont\u00ednuo, sai um Jeep armado at\u00e9 os dentes e sete caminh\u00f5es choque, seis deles com 48 combatentes cada e um vazio para emerg\u00eancias, que me transmitiu a ordem: \u201cNos Siga\u201d.<br>&nbsp;&nbsp;&nbsp;&nbsp;&nbsp;<br>Como se isso fosse poss\u00edvel!<\/p>\n\n\n\n<p>O BG contava com caminh\u00f5es 1965, e eu com um Socorr\u00e3o de umas 15 toneladas, 1944 constru\u00eddo para o desembarque na Normandia na 2\u00aaGM.<\/p>\n\n\n\n<p>Enquanto eles passaram zunindo pelo viaduto das For\u00e7as Armadas, eu fui ficando para tr\u00e1s. &nbsp;<\/p>\n\n\n\n<p>No sinal em frente ao edif\u00edcio \u201cBalan\u00e7a, Mas N\u00e3o Cai\u201d, eu n\u00e3o os enxergava mais.<\/p>\n\n\n\n<p>Embora com as tremendas sirene e buzina acionadas o sinal ficou vermelho e o Cabo Irani me avisa que est\u00e1vamos quase sem freio.<\/p>\n\n\n\n<p>O reservat\u00f3rio de ar n\u00e3o havia enchido completamente. &nbsp;<\/p>\n\n\n\n<p>Conseguimos parar no sinal, mas a uma camada de tinta de cada um dos carros nos lados.<\/p>\n\n\n\n<p>O policial de tr\u00e2nsito ficou totalmente enrolado,<\/p>\n\n\n\n<p>N\u00e3o sabia, pois ningu\u00e9m havia me comunicado, o destino final.<\/p>\n\n\n\n<p>Fui seguindo a confus\u00e3o no tr\u00e2nsito e a altura do g\u00e1s lacrimog\u00eaneo.<\/p>\n\n\n\n<p>Meus Soldados, que j\u00e1 tinham municiado as INAs, colocaram as m\u00e1scaras contra gases.<\/p>\n\n\n\n<p>Cheguei ao Largo da Carioca, aonde o BG j\u00e1 tinha dominado a situa\u00e7\u00e3o.<\/p>\n\n\n\n<p>O Comandante da miss\u00e3o, que lacrimejava sem parar, pois o BG n\u00e3o havia levado m\u00e1scaras, me falou que eu tinha que evacuar duas viaturas danificadas por manifestantes baderneiros.<\/p>\n\n\n\n<p>Tratavam-se de uma Rural Willys, que fora incendiada, e um caminh\u00e3o FNM do Estabelecimento Central de Transporte.<\/p>\n\n\n\n<p>Eu falei para ele o famoso: \u201cdeixa comigo\u201d.<\/p>\n\n\n\n<p>Icei o FNM e amarrei a Rural toda incendiada no para-choque traseiro do FNM.<\/p>\n\n\n\n<p>Reboquei, assim, o trenzinho pela contram\u00e3o, na \u00e9poca, da Rua Uruguaiana, Avenida Presidente Vargas at\u00e9 a Frente do Quartel General do I Ex\u00e9rcito. (situado no PDC, Pal\u00e1cio Duque de Caxias).<\/p>\n\n\n\n<p>Olhando o PDC, tive um pensamento, que se aquele pr\u00e9dio fosse uma embarca\u00e7\u00e3o, ele emborcaria, tamanha a quantidade de pessoas em todas as janelas.<\/p>\n\n\n\n<p>L\u00e1, j\u00e1 havia uma equipe de manuten\u00e7\u00e3o do ECT, que rapidamente consertou o FNM.<\/p>\n\n\n\n<p>Tinha sido, apenas um peda\u00e7o de bueiro quebrado, que lan\u00e7ado contra o possante caminh\u00e3o, cortara a tubula\u00e7\u00e3o de combust\u00edvel.<br>&nbsp;&nbsp;&nbsp;&nbsp;<br>J\u00e1 a Rural!\u2026<\/p>\n\n\n\n<p>J\u00e1 a Rural, recebi ordem de lev\u00e1-la para o interior do PDC, mas sem tocar no ch\u00e3o, pois ela arranhava o mesmo quando arrastada.<\/p>\n\n\n\n<p>Icei a mesma com a lan\u00e7a e adentrei no PDC.<\/p>\n\n\n\n<p>A\u00ed come\u00e7ou a c\u00e9lebre \u201cordem e contra ordem\u201d.<\/p>\n\n\n\n<p>Colocada a Rural em um lugar, apareceu um Pra\u00e7a, que apontando para um andar, o qual tinha uma pessoa que me acenava, me disse que o General Fulano de Tal me mandava colocar a viatura em outro local.&nbsp;<\/p>\n\n\n\n<p>Mudado de local, aparecia outro Pra\u00e7a e o fato se repetia, apontando para aceno de outro andar.<\/p>\n\n\n\n<p>Mudado de local, novamente o fato se repetia.<\/p>\n\n\n\n<p>Outro Pra\u00e7a apareceu mandando que a Rural ficasse i\u00e7ada pela lan\u00e7a para n\u00e3o danificar o piso do p\u00e1tio.<\/p>\n\n\n\n<p>Cumprida a ordem, apareceu outro que mandava que n\u00e3o ficasse i\u00e7ada, pois poderia envergar a lan\u00e7a (Ali\u00e1s a lan\u00e7a era capaz de i\u00e7ar mais de 12 toneladas ).<\/p>\n\n\n\n<p>E assim, fiquei a tarde toda satisfazendo egos.<\/p>\n\n\n\n<p>Meus comandados j\u00e1 apostavam de qual andar viria a pr\u00f3xima ordem.<\/p>\n\n\n\n<p>Avisei, o meu Comandante, sobre o \u00eaxito da miss\u00e3o.<\/p>\n\n\n\n<p>Fiquei retido at\u00e9 \u00e0s 4:00 h do dia seguinte, pois poderia haver novo evento.<\/p>\n\n\n\n<p>Valeu levar cobertores e ra\u00e7\u00e3o de combate.<br>&nbsp;<br>\u00c0s 4:00 h, icei a Rural, amarrei de tal forma que n\u00e3o balan\u00e7asse e rapidamente sa\u00ed do PDC, em dire\u00e7\u00e3o ao meu quartel.<\/p>\n\n\n\n<p>Isto tudo, seguindo a ordem do meu \u00faltimo acenador.<\/p>\n\n\n\n<p>No percurso, aproveitei para fazer uma an\u00e1lise retrospectiva e refletir sobre a miss\u00e3o cumprida.<\/p>\n\n\n\n<p>Em devaneio, recordei, que a AMAN tem um p\u00e1tio de formatura geral, o PTM ( P\u00e1tio Tenente Moura ), que homenageia um Tenente muito amado, falecido em instru\u00e7\u00e3o).<\/p>\n\n\n\n<p>Foi, ent\u00e3o, que, aquilatei qu\u00e3o s\u00e1bia e profunda \u00e9 o d\u00edstico que no alto nos ostenta:\u00a0\u00a0\u00a0\u00a0\u00a0\u00a0\u00a0\u00a0\u00a0\u00a0\u00a0\u00a0\u00a0&#8220;CADETE, IDES COMANDAR, APRENDEI A OBEDECER&#8221;.<\/p>\n\n\n\n<p><\/p>\n\n\n\n<p>Gen Bda Eng Mil Veterano Iber\u00ea Mariano da Silva \u2013 Engenheiro Eletr\u00f4nico e Nuclear \u2013 AMAN \u2013 CPEAEX &#8212; \u00a0Turma 1967 \u2013 Material B\u00e9lico<\/p>\n","protected":false},"excerpt":{"rendered":"<p>&#8220;CADETE, IDES COMANDAR, APRENDEI A OBEDECER&#8221;.&nbsp;&nbsp;&nbsp;&nbsp;&nbsp;&nbsp;&nbsp;&nbsp;&nbsp;&nbsp;&nbsp;&nbsp;&nbsp;&nbsp;&nbsp;&nbsp;&nbsp;&nbsp;&nbsp;&nbsp;&nbsp;&nbsp;&nbsp;&nbsp;&nbsp;&nbsp;&nbsp;Por Iber\u00ea Mariano da Silva.&nbsp;&nbsp;&nbsp;&nbsp;&nbsp;&nbsp;&nbsp;&nbsp;Ao ser declarado Aspirante fui designado para servir na Divis\u00e3o Blindada Comandada pelo Gen Ramiro Tavares Gon\u00e7alves e seu Chefe de Estado Maior, o Cel Hugo de S\u00e1 Campelo Filho. Meu primeiro Comandante de Unidade foi o Cel Roberto Moura, que Comandava o Batalh\u00e3o de Manuten\u00e7\u00e3o&hellip;&nbsp;<a href=\"https:\/\/cvmarj.org.br\/site\/index.php\/2022\/06\/01\/lembranca-12\/\" class=\"\" rel=\"bookmark\">Ler mais &raquo;<span class=\"screen-reader-text\">Lembran\u00e7a 12<\/span><\/a><\/p>\n","protected":false},"author":1,"featured_media":3492,"comment_status":"closed","ping_status":"closed","sticky":false,"template":"","format":"standard","meta":{"neve_meta_sidebar":"full-width","neve_meta_container":"","neve_meta_enable_content_width":"","neve_meta_content_width":0,"neve_meta_title_alignment":"center","neve_meta_author_avatar":"","neve_post_elements_order":"[\"title\",\"meta\",\"content\",\"tags\",\"comments\"]","neve_meta_disable_header":"","neve_meta_disable_footer":"","neve_meta_disable_title":"","footnotes":""},"categories":[16],"tags":[],"_links":{"self":[{"href":"https:\/\/cvmarj.org.br\/site\/index.php\/wp-json\/wp\/v2\/posts\/3499"}],"collection":[{"href":"https:\/\/cvmarj.org.br\/site\/index.php\/wp-json\/wp\/v2\/posts"}],"about":[{"href":"https:\/\/cvmarj.org.br\/site\/index.php\/wp-json\/wp\/v2\/types\/post"}],"author":[{"embeddable":true,"href":"https:\/\/cvmarj.org.br\/site\/index.php\/wp-json\/wp\/v2\/users\/1"}],"replies":[{"embeddable":true,"href":"https:\/\/cvmarj.org.br\/site\/index.php\/wp-json\/wp\/v2\/comments?post=3499"}],"version-history":[{"count":2,"href":"https:\/\/cvmarj.org.br\/site\/index.php\/wp-json\/wp\/v2\/posts\/3499\/revisions"}],"predecessor-version":[{"id":3834,"href":"https:\/\/cvmarj.org.br\/site\/index.php\/wp-json\/wp\/v2\/posts\/3499\/revisions\/3834"}],"wp:featuredmedia":[{"embeddable":true,"href":"https:\/\/cvmarj.org.br\/site\/index.php\/wp-json\/wp\/v2\/media\/3492"}],"wp:attachment":[{"href":"https:\/\/cvmarj.org.br\/site\/index.php\/wp-json\/wp\/v2\/media?parent=3499"}],"wp:term":[{"taxonomy":"category","embeddable":true,"href":"https:\/\/cvmarj.org.br\/site\/index.php\/wp-json\/wp\/v2\/categories?post=3499"},{"taxonomy":"post_tag","embeddable":true,"href":"https:\/\/cvmarj.org.br\/site\/index.php\/wp-json\/wp\/v2\/tags?post=3499"}],"curies":[{"name":"wp","href":"https:\/\/api.w.org\/{rel}","templated":true}]}}