{"id":3503,"date":"2022-06-01T21:44:53","date_gmt":"2022-06-02T00:44:53","guid":{"rendered":"https:\/\/cvmarj.org.br\/site\/?p=3503"},"modified":"2022-06-01T21:44:54","modified_gmt":"2022-06-02T00:44:54","slug":"junho-2022","status":"publish","type":"post","link":"https:\/\/cvmarj.org.br\/site\/index.php\/2022\/06\/01\/junho-2022\/","title":{"rendered":"Junho 2022"},"content":{"rendered":"\n<p>SEGUE A PREVIS\u00c3O DAS ATIVIDADES PARA O M\u00caS DE JUNHO DE 2022.<\/p>\n\n\n\n<ul><li>3\/6\/22, SEXTA FEIRA: APRESENTA\u00c7\u00c3O DO BLINDADO DO BLINDADO, AP 108, A PARTIR DAS 08:30 H, NO MMCLINHARES, EM S\u00c3O CRIST\u00d3V\u00c3O.<\/li><li>4\/6\/22, S\u00c1BADO: CHURRASCO DA UBPAQ, EM ROCHA MIRANDA.<\/li><li>6\/6\/22, SEGUNDA FEIRA: ANIVERS\u00c1RIO DO CVMARJ.<\/li><li>10\/06\/2022, SEXTA FEIRA, 08:30 H, DISPOSITIVO PRONTO: FORMATURA E EXPOSI\u00c7\u00c3O DE VIATURAS DO CVMARJ, NO 11\u00b0 GAC, NA VILA MILITAR.<\/li><li>11\/6\/22, S\u00c1BADO: ELEI\u00c7\u00c3O DA DIRETORIA E CONSELHO DO CVMARJ, \u00c0 PARTIR DAS 09:30 H, NA NOVA SEDE DO CLUBE, EM TUBIACANGA.<\/li><li>19\/6\/22, DOMINGO: EXPOSI\u00c7\u00c3O MENSAL DO CVMARJ, \u00c0 PARTIR DAS 09:00 H, NO MMCLINHARES, EM S\u00c3O CRIST\u00d3V\u00c3O.<\/li><li>25\/6\/22, S\u00c1BADO: ATIVIDADE SOCIAL NA NOVA SEDE DO CVMARJ.<\/li><li>30\/6\/22, QUINTA FEIRA, EXPOSI\u00c7\u00c3O DE VTRS DO CVMARJ, NA ESIE, COM DISPOSITIVO PRONTO \u00c0S 08:00 H, EM REALENGO.<\/li><\/ul>\n\n\n\n<p>OBSERVA\u00c7\u00d5ES: PODEMOS TER ALTERA\u00c7\u00d5ES, NA PROGRAMA\u00c7\u00c3O.<\/p>\n\n\n\n<p>AT.<\/p>\n\n\n\n<p>S\u00c9RGIO CAPELLA.<br>PRESIDENTE DO CVMARJ.<\/p>\n","protected":false},"excerpt":{"rendered":"<p>SEGUE A PREVIS\u00c3O DAS ATIVIDADES PARA O M\u00caS DE JUNHO DE 2022. 3\/6\/22, SEXTA FEIRA: APRESENTA\u00c7\u00c3O DO BLINDADO DO BLINDADO, AP 108, A PARTIR DAS 08:30 H, NO MMCLINHARES, EM S\u00c3O CRIST\u00d3V\u00c3O. 4\/6\/22, S\u00c1BADO: CHURRASCO DA UBPAQ, EM ROCHA MIRANDA. 6\/6\/22, SEGUNDA FEIRA: ANIVERS\u00c1RIO DO CVMARJ. 10\/06\/2022, SEXTA FEIRA, 08:30 H, DISPOSITIVO PRONTO: FORMATURA E&hellip;&nbsp;<a href=\"https:\/\/cvmarj.org.br\/site\/index.php\/2022\/06\/01\/junho-2022\/\" class=\"\" rel=\"bookmark\">Ler mais &raquo;<span class=\"screen-reader-text\">Junho 2022<\/span><\/a><\/p>\n","protected":false},"author":1,"featured_media":0,"comment_status":"closed","ping_status":"closed","sticky":false,"template":"","format":"standard","meta":{"neve_meta_sidebar":"","neve_meta_container":"","neve_meta_enable_content_width":"","neve_meta_content_width":0,"neve_meta_title_alignment":"","neve_meta_author_avatar":"","neve_post_elements_order":"","neve_meta_disable_header":"","neve_meta_disable_footer":"","neve_meta_disable_title":"","footnotes":""},"categories":[7],"tags":[],"_links":{"self":[{"href":"https:\/\/cvmarj.org.br\/site\/index.php\/wp-json\/wp\/v2\/posts\/3503"}],"collection":[{"href":"https:\/\/cvmarj.org.br\/site\/index.php\/wp-json\/wp\/v2\/posts"}],"about":[{"href":"https:\/\/cvmarj.org.br\/site\/index.php\/wp-json\/wp\/v2\/types\/post"}],"author":[{"embeddable":true,"href":"https:\/\/cvmarj.org.br\/site\/index.php\/wp-json\/wp\/v2\/users\/1"}],"replies":[{"embeddable":true,"href":"https:\/\/cvmarj.org.br\/site\/index.php\/wp-json\/wp\/v2\/comments?post=3503"}],"version-history":[{"count":1,"href":"https:\/\/cvmarj.org.br\/site\/index.php\/wp-json\/wp\/v2\/posts\/3503\/revisions"}],"predecessor-version":[{"id":3504,"href":"https:\/\/cvmarj.org.br\/site\/index.php\/wp-json\/wp\/v2\/posts\/3503\/revisions\/3504"}],"wp:attachment":[{"href":"https:\/\/cvmarj.org.br\/site\/index.php\/wp-json\/wp\/v2\/media?parent=3503"}],"wp:term":[{"taxonomy":"category","embeddable":true,"href":"https:\/\/cvmarj.org.br\/site\/index.php\/wp-json\/wp\/v2\/categories?post=3503"},{"taxonomy":"post_tag","embeddable":true,"href":"https:\/\/cvmarj.org.br\/site\/index.php\/wp-json\/wp\/v2\/tags?post=3503"}],"curies":[{"name":"wp","href":"https:\/\/api.w.org\/{rel}","templated":true}]}}