{"id":3505,"date":"2022-06-08T07:00:00","date_gmt":"2022-06-08T10:00:00","guid":{"rendered":"https:\/\/cvmarj.org.br\/site\/?p=3505"},"modified":"2022-07-08T11:55:41","modified_gmt":"2022-07-08T14:55:41","slug":"lembranca-13","status":"publish","type":"post","link":"https:\/\/cvmarj.org.br\/site\/index.php\/2022\/06\/08\/lembranca-13\/","title":{"rendered":"Lembran\u00e7a 13"},"content":{"rendered":"\n<p>Escola de Samba<br>por Iber\u00ea Mariano da Silva.<\/p>\n\n\n\n<p>Na 12\u00aa Cia de Material B\u00e9lico, em forma\u00e7\u00e3o, a grande maioria dos pra\u00e7as tinha sido transferido de Recife.<\/p>\n\n\n\n<p>Eram os melhores e mais profissionais pra\u00e7as que chegaram em Manaus.<\/p>\n\n\n\n<p>Assim, foi formado o efetivo da Cia que agora possuia, al\u00e9m deles , o Comandante Major Haroldo Azevedo da Rosa e eu.<\/p>\n\n\n\n<p>Eu, um 1\u00ba Tenente,&nbsp; era, portanto, Almoxarife, Tesoureiro, Fiscal, Comandante de todos Pelot\u00f5es, S1, S2, S3, S4 al\u00e9m de Chefe do DRCL 12 ( Dep\u00f3sito Regional de Combust\u00edvel e Lubrificante ) e N\u00fa DRAM 12 ( N\u00facleo do Dep\u00f3sito Regional de Armamento e Muni\u00e7\u00f5es ).<\/p>\n\n\n\n<p>Notar que eu era o \u00fanico Oficial do Quadro de Material B\u00e9lico no Comando Militar do Amazonas.<\/p>\n\n\n\n<p>Os pra\u00e7as da companhia se reuniram e vieram com um pleito para mim.<\/p>\n\n\n\n<p>Eles eram oriundos do Nordeste, e souberam que Manaus n\u00e3o tinha Carnaval.<\/p>\n\n\n\n<p>L\u00e1 a m\u00fasica era \u201cBumba Meu Boi\u201d.<\/p>\n\n\n\n<p>Pediram, ent\u00e3o, para ensaiar um samba enredo.<\/p>\n\n\n\n<p>Concedi, mas o ensaio devia ser feito nas varandas e jardim do meu PNR ( Pr\u00f3prio Nacional Residencial, sito \u00e0 Rua Jos\u00e9 Augusto Borborema n\u00ba 64 ) a fim de n\u00e3o confundir local de trabalho com local de lazer.<\/p>\n\n\n\n<p>Eles conseguiram instrumentos emprestados com colegas nos quart\u00e9is 1\u00b0 BIS e CIGS.<\/p>\n\n\n\n<p>Come\u00e7aram a ensaiar l\u00e1 em casa das 18:00 at\u00e9 as 21:30 h.<\/p>\n\n\n\n<p>A minha sempre presente esposa, bordou ent\u00e3o o estandarte, daquilo que passamos a chamar de Escola de Samba Unidos na Selva.<\/p>\n\n\n\n<p>Era um estandarte composto de duas cores que mudavam na diagonal.<\/p>\n\n\n\n<p>Branco encimando o Verde.<\/p>\n\n\n\n<p>Significando a civiliza\u00e7\u00e3o e progresso chegando na selva.<\/p>\n\n\n\n<p>No meio do estandarte ficava a cara de uma on\u00e7a.<\/p>\n\n\n\n<p>E todos, portanto, unidos na selva.<\/p>\n\n\n\n<p>O n\u00famero de participantes come\u00e7ou a subir e tornou-se imposs\u00edvel o ensaio l\u00e1 em casa.<\/p>\n\n\n\n<p>J\u00e1 invadia a rua, pois apareceram as namoradas e parentes, al\u00e9m de soldados de diversas OMs.<\/p>\n\n\n\n<p>Com apoio do amigo, Cmt do CIGS, o Coronel Teixeira, passou-se a ensaiar no C\u00edrculo Militar de Manaus.<\/p>\n\n\n\n<p>A m\u00eddia descobriu e passou a apoiar.<\/p>\n\n\n\n<p>O com\u00e9rcio tamb\u00e9m passou a apoiar.<\/p>\n\n\n\n<p>Veio a prefeitura em seguida.<\/p>\n\n\n\n<p>Passou a ter na r\u00e1dio um cara, que se passava por mim, que era entrevistado a toda hora, dizendo como estava a escola.<\/p>\n\n\n\n<p>Na ter\u00e7a-feira de Carnaval, desfilamos na principal avenida.<\/p>\n\n\n\n<p>O interessante foi que v\u00e1rios Comandantes das OMs e respectivas esposas fantasiados compunham a ala denominada \u201cabre alas\u201d.<\/p>\n\n\n\n<p>L\u00e1 estava, tamb\u00e9m, meu amigo Cel Teixeira, fantasiado de Baiana.<\/p>\n\n\n\n<p>Guardo com recorda\u00e7\u00e3o a foto dele, como as do dia a dia do evento, bem como a grava\u00e7\u00e3o do Samba Enredo e da batucada.<\/p>\n\n\n\n<p>A Escola desfilou protegida pela Cia de PE, e ganhamos o Primeiro Pr\u00eamio.<\/p>\n\n\n\n<p>\u00c9 claro, pois as duas outras que desfilaram batiam o \u201cBumba Meu Boi\u201d.<\/p>\n\n\n\n<p>Os sites atuais, inclusive a \u201cWikileaks\u201d, narram de modo completamente equivocado.<\/p>\n\n\n\n<p>Ap\u00f3s este evento, o grupo Unidos na Selva formado, participou da organiza\u00e7\u00e3o e competi\u00e7\u00e3o de uma Olimp\u00edada, de Festival da Can\u00e7\u00e3o ( concorreu com a m\u00fasica \u201cA Rosa\u201d e o juiz foi o cantor Erasmo Carlos ), Recep\u00e7\u00e3o de Navios de Turismo e in\u00fameros outros eventos.&nbsp;<\/p>\n\n\n\n<p>Nada pago.<\/p>\n\n\n\n<p>Recebia alguma coisa como escampo, tais como, fantasias, instrumentos musicais, etc.<\/p>\n\n\n\n<p>Agora vejamos, o porqu\u00ea se dar tanta import\u00e2ncia \u00e0 esta festa a ponto de incentiv\u00e1-la.<\/p>\n\n\n\n<p>Chamaremos o evento, sob a \u00f3tica militar de Manobra&nbsp; Carnavalesca<br>MANOBRA CARNAVALESCA.&nbsp;<\/p>\n\n\n\n<p>Seriamente analisado, o Carnaval se parece em muito com um tremendo exerc\u00edcio militar.<\/p>\n\n\n\n<p>Com todas as semelhan\u00e7as, \u00e9 uma manobra militar que o Brasil faz, uma vez por ano, sem nenhum custo para o minguado or\u00e7amento de defesa.<\/p>\n\n\n\n<p>No passado, observadores militares estrangeiros chegaram a vir ao nosso pa\u00eds, com a miss\u00e3o de analisar o evento, a fim de extrair dele li\u00e7\u00f5es para o planejamento militar.<\/p>\n\n\n\n<p>O Carnaval brasileiro \u00e9 um exerc\u00edcio que se faz, ao mesmo tempo, em todo territ\u00f3rio nacional.<\/p>\n\n\n\n<p>Os desfiles de Escolas de Samba, realizados no Rio de Janeiro, em S\u00e3o Paulo e em outras cidades do pa\u00eds, constituem um paradigma de capacidade de auto-mobiliza\u00e7\u00e3o e organiza\u00e7\u00e3o.<\/p>\n\n\n\n<p>Analisemos este evento pelo prisma militar.<\/p>\n\n\n\n<p>Para selecionar os participantes, existe um recrutamento eficaz, com uma pr\u00e9-sele\u00e7\u00e3o rigorosa.<\/p>\n\n\n\n<p>As Escolas de Samba possuem regulamento disciplinar pr\u00f3prio, a que todos os participantes se submetem.<\/p>\n\n\n\n<p>O adestramento se faz de acordo com as normas previstas neste regulamento e em programas padr\u00e3o.<\/p>\n\n\n\n<p>Cada Escola pode ser comparada a uma Brigada da For\u00e7a Terrestre.<\/p>\n\n\n\n<p>Seus Batalh\u00f5es s\u00e3o conjuntos de Alas.<\/p>\n\n\n\n<p>Cada Ala compara-se a uma Companhia.<\/p>\n\n\n\n<p>Existe uma perfeita hierarquia.<\/p>\n\n\n\n<p>Todos os componentes organizacionais t\u00eam Comandantes, nomeados pelo Comandante da Escola.<\/p>\n\n\n\n<p>A Escola tamb\u00e9m tem seu pr\u00f3prio Estado Maior, que assessora o Comandante, analisa as t\u00e1ticas e estrat\u00e9gias e planeja a Opera\u00e7\u00e3o do Desfile.<\/p>\n\n\n\n<p>As quatro se\u00e7\u00f5es tradicionais de um estado-maior ( pessoal, intelig\u00eancia, opera\u00e7\u00f5es e log\u00edstica ) est\u00e3o presentes.<\/p>\n\n\n\n<p>A 1\u00aa Se\u00e7\u00e3o ( pessoal ) cuida do pessoal: recruta; distribui os integrantes pelas alas; preenche lacunas; limita; julga compet\u00eancia para cada fim; promove; transfere para a inatividade; concede direitos; cobra deveres; cobra presen\u00e7a; julga faltas disciplinares e aus\u00eancias ao servi\u00e7o; pune; faz elogios etc.<\/p>\n\n\n\n<p>A 2\u00aa Se\u00e7\u00e3o ( intelig\u00eancia ) \u00e9 respons\u00e1vel pela intelig\u00eancia ( informa\u00e7\u00f5es ): procura descobrir os segredos dos oponentes; estabelece contra-ofensivas; prepara surpresas que possam lhe dar supremacia no campo de batalha; e protege suas informa\u00e7\u00f5es sigilosas, utilizando contra-informa\u00e7\u00e3o e contra-contra-informa\u00e7\u00e3o.<\/p>\n\n\n\n<p>A 3\u00aa Se\u00e7\u00e3o ( opera\u00e7\u00f5es ) estabelece: a evolu\u00e7\u00e3o de cada ala; o emprego de cada Companhia especial ( ou seja, alas especializadas ); e a necessidade de m\u00e1quinas de guerra ( ou seja, alegorias ).<\/p>\n\n\n\n<p>Determina a miss\u00e3o atrav\u00e9s do tema do enredo.<\/p>\n\n\n\n<p>\u00c9 respons\u00e1vel pelo deslocamento e a concentra\u00e7\u00e3o dos meios, pelo adestramento e pela coloca\u00e7\u00e3o em plena forma f\u00edsica para o evento.<\/p>\n\n\n\n<p>A 4\u00aa se\u00e7\u00e3o ( log\u00edstica ) encarrega-se de: abastecimento de combust\u00edvel e materiais de constru\u00e7\u00e3o e de confec\u00e7\u00e3o; manuten\u00e7\u00e3o das viaturas e do equipamento; or\u00e7amentos; fiscaliza\u00e7\u00e3o; sa\u00fade; alimenta\u00e7\u00e3o etc.<\/p>\n\n\n\n<p>Cada Brigada, ( escola ), tem sua can\u00e7\u00e3o ( samba-enredo ), sua fanfarra ( bateria ) e tamb\u00e9m sua bandeira ( estandarte ), que \u00e9 amada e protegida, contando com guarda pr\u00f3pria ( mestre-sala ).<\/p>\n\n\n\n<p>A comiss\u00e3o de frente faz \u00e0s vezes dos esclarecedores ( integrantes de unidades de reconhecimento ) com todo um adestramento pr\u00f3prio, que inclui t\u00e1ticas, evolu\u00e7\u00f5es, manobras etc.<\/p>\n\n\n\n<p>Os combatentes como um todo constituem as \u201cArmas\u201d de Infantaria, Cavalaria, Artilharia etc.<\/p>\n\n\n\n<p>A Engenharia estabelece o trajeto do pessoal e do material at\u00e9 o local de concentra\u00e7\u00e3o, removendo os obst\u00e1culos f\u00edsicos porventura existentes.<\/p>\n\n\n\n<p>As Comunica\u00e7\u00f5es, que s\u00e3o a \u201cArma do Comando\u201d, mant\u00eam o contato permanente entre o Comando e os componentes da Brigada ( escola ).<\/p>\n\n\n\n<p>O Material B\u00e9lico ( pessoal do barrac\u00e3o ) se encarrega da montagem e manuten\u00e7\u00e3o das m\u00e1quinas de guerra ( alegorias ), e contribui com pesquisas sobre inova\u00e7\u00f5es tecnol\u00f3gicas.<\/p>\n\n\n\n<p>A Intend\u00eancia confecciona fantasias, cuida da alimenta\u00e7\u00e3o do pessoal e cuida das finan\u00e7as.<\/p>\n\n\n\n<p>O Servi\u00e7o de Sa\u00fade tamb\u00e9m atua, sempre que necess\u00e1rio, e providencia o socorro nos poss\u00edveis casos de acidentes, ferimentos ou doen\u00e7as.<\/p>\n\n\n\n<p>Coordenando tudo isto est\u00e1 sempre o Estado Maior, que controla a mobiliza\u00e7\u00e3o, a desmobiliza\u00e7\u00e3o, os tempos, a sincronia, o ritmo.<\/p>\n\n\n\n<p>Em suma, coordena toda a Brigada (escola).<\/p>\n\n\n\n<p>Tudo \u00e9 muito parecido com uma manobra geral, na qual treina-se tudo, nos mais long\u00ednquos recantos do Brasil, numa mesma \u00e9poca e concomitantemente para uma opera\u00e7\u00e3o.<\/p>\n\n\n\n<p>Poder\u00edamos ainda comparar os organizadores do concurso de escolas de samba a uma organiza\u00e7\u00e3o internacional semelhante \u00e0 ONU, que dita regras e resolu\u00e7\u00f5es, faz mo\u00e7\u00f5es e promove a conviv\u00eancia pac\u00edfica.<\/p>\n\n\n\n<p>J\u00e1 a comiss\u00e3o julgadora seria o conselho permanente desta organiza\u00e7\u00e3o.<\/p>\n\n\n\n<p>As For\u00e7as Armadas Brasileiras, embora sem meios, desatualizadas e com or\u00e7amento insuficiente para a real envergadura estrat\u00e9gica de um pa\u00eds continental, t\u00eam certeza que, no caso de um conflito, nosso povo saber\u00e1 responder \u00e0 altura na defesa de sua p\u00e1tria, pois este povo d\u00e1 in\u00fameras provas de ser altamente mobiliz\u00e1vel, al\u00e9m de combativo e inventivo em torno de um ideal.<\/p>\n\n\n\n<p>Gen Bda Eng Mil Veterano Iber\u00ea Mariano da Silva \u2013 Engenheiro Eletr\u00f4nico e Nuclear \u2013 AMAN \u2013 CPEAEX &#8212; \u00a0Turma 1967 \u2013 Material B\u00e9lico<\/p>\n","protected":false},"excerpt":{"rendered":"<p>Escola de Sambapor Iber\u00ea Mariano da Silva. Na 12\u00aa Cia de Material B\u00e9lico, em forma\u00e7\u00e3o, a grande maioria dos pra\u00e7as tinha sido transferido de Recife. Eram os melhores e mais profissionais pra\u00e7as que chegaram em Manaus. Assim, foi formado o efetivo da Cia que agora possuia, al\u00e9m deles , o Comandante Major Haroldo Azevedo da&hellip;&nbsp;<a href=\"https:\/\/cvmarj.org.br\/site\/index.php\/2022\/06\/08\/lembranca-13\/\" class=\"\" rel=\"bookmark\">Ler mais &raquo;<span class=\"screen-reader-text\">Lembran\u00e7a 13<\/span><\/a><\/p>\n","protected":false},"author":1,"featured_media":3492,"comment_status":"closed","ping_status":"closed","sticky":false,"template":"","format":"standard","meta":{"neve_meta_sidebar":"full-width","neve_meta_container":"","neve_meta_enable_content_width":"","neve_meta_content_width":0,"neve_meta_title_alignment":"center","neve_meta_author_avatar":"","neve_post_elements_order":"[\"title\",\"meta\",\"content\",\"tags\",\"comments\"]","neve_meta_disable_header":"","neve_meta_disable_footer":"","neve_meta_disable_title":"","footnotes":""},"categories":[16],"tags":[],"_links":{"self":[{"href":"https:\/\/cvmarj.org.br\/site\/index.php\/wp-json\/wp\/v2\/posts\/3505"}],"collection":[{"href":"https:\/\/cvmarj.org.br\/site\/index.php\/wp-json\/wp\/v2\/posts"}],"about":[{"href":"https:\/\/cvmarj.org.br\/site\/index.php\/wp-json\/wp\/v2\/types\/post"}],"author":[{"embeddable":true,"href":"https:\/\/cvmarj.org.br\/site\/index.php\/wp-json\/wp\/v2\/users\/1"}],"replies":[{"embeddable":true,"href":"https:\/\/cvmarj.org.br\/site\/index.php\/wp-json\/wp\/v2\/comments?post=3505"}],"version-history":[{"count":2,"href":"https:\/\/cvmarj.org.br\/site\/index.php\/wp-json\/wp\/v2\/posts\/3505\/revisions"}],"predecessor-version":[{"id":3833,"href":"https:\/\/cvmarj.org.br\/site\/index.php\/wp-json\/wp\/v2\/posts\/3505\/revisions\/3833"}],"wp:featuredmedia":[{"embeddable":true,"href":"https:\/\/cvmarj.org.br\/site\/index.php\/wp-json\/wp\/v2\/media\/3492"}],"wp:attachment":[{"href":"https:\/\/cvmarj.org.br\/site\/index.php\/wp-json\/wp\/v2\/media?parent=3505"}],"wp:term":[{"taxonomy":"category","embeddable":true,"href":"https:\/\/cvmarj.org.br\/site\/index.php\/wp-json\/wp\/v2\/categories?post=3505"},{"taxonomy":"post_tag","embeddable":true,"href":"https:\/\/cvmarj.org.br\/site\/index.php\/wp-json\/wp\/v2\/tags?post=3505"}],"curies":[{"name":"wp","href":"https:\/\/api.w.org\/{rel}","templated":true}]}}