{"id":3507,"date":"2022-06-05T18:49:13","date_gmt":"2022-06-05T21:49:13","guid":{"rendered":"https:\/\/cvmarj.org.br\/site\/?p=3507"},"modified":"2022-06-05T18:49:15","modified_gmt":"2022-06-05T21:49:15","slug":"fantasticas-atividades-dessa-semana","status":"publish","type":"post","link":"https:\/\/cvmarj.org.br\/site\/index.php\/2022\/06\/05\/fantasticas-atividades-dessa-semana\/","title":{"rendered":"FANT\u00c1STICAS ATIVIDADES DESSA SEMANA"},"content":{"rendered":"\n<p>SEGUE AS FANT\u00c1STICAS ATIVIDADES DESSA SEMANA EM JUNHO DE 2022.<\/p>\n\n\n\n<ul><li>06\/06\/22, SEGUNDA FEIRA: DIA DO ANIVERS\u00c1RIO DE FUNDA\u00c7\u00c3O DO CVMARJ.<\/li><li>10\/06\/2022, SEXTA FEIRA, COMEMORA\u00c7\u00c3O DO DIA DA<br>ARMA DE ARTILHARIA, NO 11\u00b0 GAC, NA VILA MILITAR, COM FORMATURA E EXPOSI\u00c7\u00c3O DE VIATURAS E MOTOCICLETAS DO CVMARJ, DISPOSITIVO PRONTO \u00c0S 08:30 H.<\/li><li>11\/6\/22, S\u00c1BADO: ELEI\u00c7\u00c3O DA DIRETORIA E CONSELHO DO CVMARJ, COMEMORA\u00c7\u00c2O OFICIAL DOS 20 ANOS DE FUNDA\u00c7\u00c3O DO CVMARJ \u00c0 PARTIR DAS 09:30 H, NA NOVA SEDE DO CLUBE, EM TUBIACANGA.<\/li><\/ul>\n\n\n\n<p>AT.<\/p>\n\n\n\n<p>S\u00c9RGIO CAPELLA.<br>PRESIDENTE DO CVMARJ.<\/p>\n","protected":false},"excerpt":{"rendered":"<p>SEGUE AS FANT\u00c1STICAS ATIVIDADES DESSA SEMANA EM JUNHO DE 2022. 06\/06\/22, SEGUNDA FEIRA: DIA DO ANIVERS\u00c1RIO DE FUNDA\u00c7\u00c3O DO CVMARJ. 10\/06\/2022, SEXTA FEIRA, COMEMORA\u00c7\u00c3O DO DIA DAARMA DE ARTILHARIA, NO 11\u00b0 GAC, NA VILA MILITAR, COM FORMATURA E EXPOSI\u00c7\u00c3O DE VIATURAS E MOTOCICLETAS DO CVMARJ, DISPOSITIVO PRONTO \u00c0S 08:30 H. 11\/6\/22, S\u00c1BADO: ELEI\u00c7\u00c3O DA DIRETORIA&hellip;&nbsp;<a href=\"https:\/\/cvmarj.org.br\/site\/index.php\/2022\/06\/05\/fantasticas-atividades-dessa-semana\/\" class=\"\" rel=\"bookmark\">Ler mais &raquo;<span class=\"screen-reader-text\">FANT\u00c1STICAS ATIVIDADES DESSA SEMANA<\/span><\/a><\/p>\n","protected":false},"author":1,"featured_media":0,"comment_status":"closed","ping_status":"closed","sticky":false,"template":"","format":"standard","meta":{"neve_meta_sidebar":"","neve_meta_container":"","neve_meta_enable_content_width":"","neve_meta_content_width":0,"neve_meta_title_alignment":"","neve_meta_author_avatar":"","neve_post_elements_order":"","neve_meta_disable_header":"","neve_meta_disable_footer":"","neve_meta_disable_title":"","footnotes":""},"categories":[9],"tags":[],"_links":{"self":[{"href":"https:\/\/cvmarj.org.br\/site\/index.php\/wp-json\/wp\/v2\/posts\/3507"}],"collection":[{"href":"https:\/\/cvmarj.org.br\/site\/index.php\/wp-json\/wp\/v2\/posts"}],"about":[{"href":"https:\/\/cvmarj.org.br\/site\/index.php\/wp-json\/wp\/v2\/types\/post"}],"author":[{"embeddable":true,"href":"https:\/\/cvmarj.org.br\/site\/index.php\/wp-json\/wp\/v2\/users\/1"}],"replies":[{"embeddable":true,"href":"https:\/\/cvmarj.org.br\/site\/index.php\/wp-json\/wp\/v2\/comments?post=3507"}],"version-history":[{"count":1,"href":"https:\/\/cvmarj.org.br\/site\/index.php\/wp-json\/wp\/v2\/posts\/3507\/revisions"}],"predecessor-version":[{"id":3508,"href":"https:\/\/cvmarj.org.br\/site\/index.php\/wp-json\/wp\/v2\/posts\/3507\/revisions\/3508"}],"wp:attachment":[{"href":"https:\/\/cvmarj.org.br\/site\/index.php\/wp-json\/wp\/v2\/media?parent=3507"}],"wp:term":[{"taxonomy":"category","embeddable":true,"href":"https:\/\/cvmarj.org.br\/site\/index.php\/wp-json\/wp\/v2\/categories?post=3507"},{"taxonomy":"post_tag","embeddable":true,"href":"https:\/\/cvmarj.org.br\/site\/index.php\/wp-json\/wp\/v2\/tags?post=3507"}],"curies":[{"name":"wp","href":"https:\/\/api.w.org\/{rel}","templated":true}]}}