{"id":3510,"date":"2022-06-05T18:51:41","date_gmt":"2022-06-05T21:51:41","guid":{"rendered":"https:\/\/cvmarj.org.br\/site\/?p=3510"},"modified":"2022-06-05T19:14:21","modified_gmt":"2022-06-05T22:14:21","slug":"eleicoes-na-nova-sede-do-clube-em-tubiacanga","status":"publish","type":"post","link":"https:\/\/cvmarj.org.br\/site\/index.php\/2022\/06\/05\/eleicoes-na-nova-sede-do-clube-em-tubiacanga\/","title":{"rendered":"elei\u00e7\u00f5es na nova sede do Clube em Tubiacanga."},"content":{"rendered":"\n<p>Boa noite.<\/p>\n\n\n\n<p>Vem chegando o fim de mais um ciclo de gest\u00e3o do CVMARJ.<\/p>\n\n\n\n<p>Dia 11\/06\/2022, s\u00e1bado, a partir das 09:30 h, na nova sede em Tubiacanga, teremos elei\u00e7\u00e3o da nova Diretoria e Conselho.<\/p>\n\n\n\n<p>Agrade\u00e7o \u00e0 cada membro que de alguma forma contribuiu para o sucesso dessa gest\u00e3o.<\/p>\n\n\n\n<p>Fizemos de tudo, para dar o melhor ao Clube, seus S\u00f3cios, Familiares, Amigos e Parceiros.<\/p>\n\n\n\n<p>Fizemos muito, mas ainda temos muitas outrss coisas para realizar, sempre pensando em fazer o melhor pelo e para o CVMARJ.<\/p>\n\n\n\n<p>O Clube, n\u00e3o tem dono, pertence \u00e0 todos n\u00f3s.<\/p>\n\n\n\n<p>Precisamos do envolvimento e participa\u00e7\u00e3o, de todos os S\u00f3cios, que devem cumprir com suas obriga\u00e7\u00f5es, para que possamos continuar sendo o qu\u00ea somos hoje.<\/p>\n\n\n\n<p>Que Deus continue nos aben\u00e7oando!<\/p>\n\n\n\n<p>SOMOS CVMARJ!<\/p>\n\n\n\n<p>VAMOS EM FRENTE!<\/p>\n\n\n\n<p>At.<\/p>\n\n\n\n<p>S\u00e9rgio Capella.<br>Presidente do CVMARJ.<\/p>\n","protected":false},"excerpt":{"rendered":"<p>Boa noite. Vem chegando o fim de mais um ciclo de gest\u00e3o do CVMARJ. Dia 11\/06\/2022, s\u00e1bado, a partir das 09:30 h, na nova sede em Tubiacanga, teremos elei\u00e7\u00e3o da nova Diretoria e Conselho. Agrade\u00e7o \u00e0 cada membro que de alguma forma contribuiu para o sucesso dessa gest\u00e3o. Fizemos de tudo, para dar o melhor&hellip;&nbsp;<a href=\"https:\/\/cvmarj.org.br\/site\/index.php\/2022\/06\/05\/eleicoes-na-nova-sede-do-clube-em-tubiacanga\/\" class=\"\" rel=\"bookmark\">Ler mais &raquo;<span class=\"screen-reader-text\">elei\u00e7\u00f5es na nova sede do Clube em Tubiacanga.<\/span><\/a><\/p>\n","protected":false},"author":1,"featured_media":3512,"comment_status":"closed","ping_status":"closed","sticky":false,"template":"","format":"standard","meta":{"neve_meta_sidebar":"full-width","neve_meta_container":"","neve_meta_enable_content_width":"","neve_meta_content_width":0,"neve_meta_title_alignment":"center","neve_meta_author_avatar":"","neve_post_elements_order":"[\"title\",\"meta\",\"content\",\"tags\",\"comments\"]","neve_meta_disable_header":"","neve_meta_disable_footer":"","neve_meta_disable_title":"","footnotes":""},"categories":[9],"tags":[],"_links":{"self":[{"href":"https:\/\/cvmarj.org.br\/site\/index.php\/wp-json\/wp\/v2\/posts\/3510"}],"collection":[{"href":"https:\/\/cvmarj.org.br\/site\/index.php\/wp-json\/wp\/v2\/posts"}],"about":[{"href":"https:\/\/cvmarj.org.br\/site\/index.php\/wp-json\/wp\/v2\/types\/post"}],"author":[{"embeddable":true,"href":"https:\/\/cvmarj.org.br\/site\/index.php\/wp-json\/wp\/v2\/users\/1"}],"replies":[{"embeddable":true,"href":"https:\/\/cvmarj.org.br\/site\/index.php\/wp-json\/wp\/v2\/comments?post=3510"}],"version-history":[{"count":3,"href":"https:\/\/cvmarj.org.br\/site\/index.php\/wp-json\/wp\/v2\/posts\/3510\/revisions"}],"predecessor-version":[{"id":3521,"href":"https:\/\/cvmarj.org.br\/site\/index.php\/wp-json\/wp\/v2\/posts\/3510\/revisions\/3521"}],"wp:featuredmedia":[{"embeddable":true,"href":"https:\/\/cvmarj.org.br\/site\/index.php\/wp-json\/wp\/v2\/media\/3512"}],"wp:attachment":[{"href":"https:\/\/cvmarj.org.br\/site\/index.php\/wp-json\/wp\/v2\/media?parent=3510"}],"wp:term":[{"taxonomy":"category","embeddable":true,"href":"https:\/\/cvmarj.org.br\/site\/index.php\/wp-json\/wp\/v2\/categories?post=3510"},{"taxonomy":"post_tag","embeddable":true,"href":"https:\/\/cvmarj.org.br\/site\/index.php\/wp-json\/wp\/v2\/tags?post=3510"}],"curies":[{"name":"wp","href":"https:\/\/api.w.org\/{rel}","templated":true}]}}