{"id":3561,"date":"2022-06-15T06:30:00","date_gmt":"2022-06-15T09:30:00","guid":{"rendered":"https:\/\/cvmarj.org.br\/site\/?p=3561"},"modified":"2022-07-08T11:55:13","modified_gmt":"2022-07-08T14:55:13","slug":"lembranca-14","status":"publish","type":"post","link":"https:\/\/cvmarj.org.br\/site\/index.php\/2022\/06\/15\/lembranca-14\/","title":{"rendered":"Lembran\u00e7a 14"},"content":{"rendered":"\n<p>Vai L\u00e1 para Baixo ?<br>Por Iber\u00ea Mariano da Silva<\/p>\n\n\n\n<p>L\u00e1 em Manaus, em 1970, quando se perguntava :_\u201d Vai l\u00e1 para baixo ou Vai descer\u201d, as pessoas queriam perguntar se voc\u00ea ia para o sul do Brasil.<\/p>\n\n\n\n<p>Minha esposa, Tania, em 12 de junho perdeu o beb\u00ea que esperava e foi evacuada pela FAB para casa dos pais no Rio de Janeiro.&nbsp;<\/p>\n\n\n\n<p>Fiquei sozinho em Manaus e para extravasar dos dois eventos passei a procurar atividades que distra\u00edssem a minha mente.<\/p>\n\n\n\n<p>Uma das coisas que fiz, foi entrar numa excurs\u00e3o, a qual fui convidado por dois indianistas famosos, at\u00e9 \u00e0 nascente do Rio Orinoco afim de fazer o primeiro contato com duas tribos de \u00edndios.<\/p>\n\n\n\n<p>Meu Comandante, Major Haroldo, me recomendou que fosse e me deu uma dispensa como recompensa para ir.<\/p>\n\n\n\n<p>Esta aventura narrarei mais tarde.<\/p>\n\n\n\n<p>Em 18 de agosto, dois meses depois que Tania tinha dado alta do HGeM (Hospital Geral de Manaus), recebi um telegrama em que ela dizia que estava f\u00edsica e psicologicamente bem e em pleno gozo de sa\u00fade.<\/p>\n\n\n\n<p>Pedia que eu fosse busc\u00e1-la no aeroporto, pois estaria de volta para Manaus que ela tanto amava.<\/p>\n\n\n\n<p>Nota: Nesta \u00e9poca, o ECT (Empresa Brasileira de Correio e Tel\u00e9grafo) era eficient\u00edssimo e se orgulhava de ser um dos melhores do mundo.<\/p>\n\n\n\n<p>A outra vez que um de n\u00f3s \u201cdesceu\u201d foi quando recebi uma miss\u00e3o do meu comandante para resolver problemas financeiros no QG do Minist\u00e9rio &nbsp;do Ex\u00e9rcito no Rio.<\/p>\n\n\n\n<p>Em decorr\u00eancia, o Comandante &nbsp;Militar da Amaz\u00f4nia, Gen Div \u00c1lvaro Cardoso, mandou me chamar.<\/p>\n\n\n\n<p>Disse-me que eu iria \u201cdescer&#8221; \u00e0 servi\u00e7o.<\/p>\n\n\n\n<p>Me entregou 20 of\u00edcios&nbsp; timbrados e em branco com sua assinatura embaixo.<\/p>\n\n\n\n<p>Disse-me para os usar com sabedoria e defender os interesses do CMA.<\/p>\n\n\n\n<p>Eu era o \u00fanico Oficial de Material B\u00e9lico no CMA.<\/p>\n\n\n\n<p>O Gen Div \u00c1lvaro Cardoso confiava perfeitamente em mim, pois toda vez que ele tinha um problema de ordem t\u00e9cnica, ele me chamava para aconselh\u00e1-lo.<\/p>\n\n\n\n<p>Agora, com uma responsabilidade aumentada, recebi as passagens.<\/p>\n\n\n\n<p>Um probleminha surgiu, v\u00e1rios companheiro vieram pedir pequenos favores. &nbsp;<\/p>\n\n\n\n<p>J\u00e1 que voc\u00ea \u201cvai l\u00e1 para baixo&#8221;, leva isto para minha m\u00e3e em Madureira; ou vai l\u00e1 em Copacabana e pega o casaco que minha tia comprou para mim; ou d\u00e1 um pulinho no Meyer e compra para mim tal coisa; ou d\u00e1 uma passagem na casa da minha amiga e leva meu abra\u00e7o para ela e; chegou ao ponto da esposa de um companheiro pedir para comprar roupa de frio para seu filho em Petr\u00f3polis etc.<\/p>\n\n\n\n<p>Realmente, quando estamos longe de uma regi\u00e3o,&nbsp; todos pontos nela parecem estar pertinho um do outro.<\/p>\n\n\n\n<p>Chegando ao Rio, me alojei na casa de meus sogros.<\/p>\n\n\n\n<p>No dia seguinte, me fardei com o uniforme que us\u00e1vamos no CMA. &nbsp;<\/p>\n\n\n\n<p>Jaqueta com os meus brev\u00eas de paraquedista e guerra na selva (na Amaz\u00f4nia a t\u00fanica era apelidada de \u201cbaby doll&#8221; e n\u00e3o era usada), coturno de selva com a lona verde e boina verde (que era muito maior que a atual e parecia uma pizza) com o escudo met\u00e1lico do CMA.<\/p>\n\n\n\n<p>Nota: na \u00e9poca s\u00f3 tr\u00eas organiza\u00e7\u00f5es usavam boina: o CMA (verde),&nbsp; a Divis\u00e3o Paraquedista (bord\u00f4) e os col\u00e9gios militares (vermelha).<\/p>\n\n\n\n<p>Ao entrar no PDC (Pal\u00e1cio Duque de Caxias), Minist\u00e9rio do Ex\u00e9rcito, notei que eu causava extrema curiosidade.<\/p>\n\n\n\n<p>Dirigi-me \u00e0 DMM (Diretoria de Moto Mecaniza\u00e7\u00e3o) e fui logo colocado na presen\u00e7a do General diretor que me inquiriu o que precisava.<\/p>\n\n\n\n<p>Expliquei-lhe que estava devendo na pra\u00e7a cerca de Cr$ 60.000,00 , e n\u00e3o tinha recebido nenhum repasse.<\/p>\n\n\n\n<p>O Gen perguntou-me se eu era o Tesoureiro o que lhe disse que sim.<\/p>\n\n\n\n<p>Enquanto isto, um Ten Cel, pelas minhas costas, acenava para o Gen que eu estava errado e que tinha enviado.<\/p>\n\n\n\n<p>A\u00ed come\u00e7ou a treta.<\/p>\n\n\n\n<p>Gen:_ Eu mandei !<\/p>\n\n\n\n<p>Eu:_ N\u00e3o recebi !<\/p>\n\n\n\n<p>Gen:_ Mas eu mandei !<\/p>\n\n\n\n<p>Eu:_ Mas eu n\u00e3o recebi !<\/p>\n\n\n\n<p>Mais uma vez o di\u00e1logo e dando um soco na mesa, se levantou.<\/p>\n\n\n\n<p>Eu me levantei tamb\u00e9m e repeti:_ N\u00e3o recebi !<\/p>\n\n\n\n<p>Ele, aborrecido, disse:_ Ent\u00e3o vamos ver !<\/p>\n\n\n\n<p>Eu:_ Sim Senhor, meu General !&nbsp;<\/p>\n\n\n\n<p>Benditas aulas de psicologia na AMAN.<\/p>\n\n\n\n<p>O Gen chamou o Ten Cel acenador que trouxe uma papelada.<\/p>\n\n\n\n<p>Mostrou que tinha remetido uma quantia para o CIGS.<\/p>\n\n\n\n<p>Eu disse para o Gen que o CIGS era apenas uma OM das que eu apoiava, al\u00e9m de todas outras da Regi\u00e3o inclusas todas das fronteiras.<\/p>\n\n\n\n<p>Ele ficou furioso com o acenador e &nbsp;determinou que o Ten Cel entrasse imediatamente na Rede Cruzeiro do Sul (\u00fanico meio, na \u00e9poca, de comunica\u00e7\u00e3o do Ex\u00e9rcito com o CMA) e mandasse o CIGS transferir a verba.<\/p>\n\n\n\n<p>Eu disse, ent\u00e3o,&nbsp; para o Gen que n\u00e3o ia dar certo, pois o CIGS era agora COSAC e podia garantir-lhe que dadas as novas fun\u00e7\u00f5es j\u00e1 devia ter empenhado tudo.<\/p>\n\n\n\n<p>O Gen concordou.<\/p>\n\n\n\n<p>Ele, que agora j\u00e1 me adotara, me deu tr\u00eas vezes a verba que pedira.<\/p>\n\n\n\n<p>A seguir, me perguntou quem era o chefe do DRCL (Dep\u00f3sito Regional de Combust\u00edvel e Lubrificantes).<\/p>\n\n\n\n<p>Eu disse que era eu tamb\u00e9m e lhe expliquei como funcionava o CMA, dada pouca gente.<\/p>\n\n\n\n<p>Perguntou-me aonde conseguia o combust\u00edvel.<\/p>\n\n\n\n<p>Disse-lhe que era da REMAN (Refinaria Manaus).<\/p>\n\n\n\n<p>Ele me destinou mais uma quantidade de dinheiro al\u00e9m de \u00f3leos e graxas.<\/p>\n\n\n\n<p>Retirando um dos of\u00edcios em branco assinado pelo CmtMA, perguntei-lhe se era necess\u00e1rio.<\/p>\n\n\n\n<p>Ele arregalando o olho disse que n\u00e3o.<\/p>\n\n\n\n<p>Pedi licen\u00e7a para me retirar, ele me abra\u00e7ou e me levou at\u00e9 a porta.<\/p>\n\n\n\n<p>\u00c9 claro que fato logo se espalhou no PDC.<\/p>\n\n\n\n<p>A seguir me dirigi para a DAM (Diretoria de Armamento e Muni\u00e7\u00f5es).<\/p>\n\n\n\n<p>O General Diretor me viu na sala ao lado e mandou-me logo entrar.<\/p>\n\n\n\n<p>Perguntou-me o que queria.<\/p>\n\n\n\n<p>Disse-lhe que queria quatro canh\u00f5es e muni\u00e7\u00e3o para os mesmos.<\/p>\n\n\n\n<p>Ele riu, chamou seu Chefe de Gabinete e falou para ele : _Olha o que o Tenente quer.<\/p>\n\n\n\n<p>Ainda rindo, perguntou-me para que queria quatro canh\u00f5es.<\/p>\n\n\n\n<p>Eu lhe respondi.<\/p>\n\n\n\n<p>O Cel Berg, que comanda o Comando de Fronteira Solim\u00f5es,&nbsp; na fronteira com Peru e Col\u00f4mbia \u00e9 que est\u00e1 precisando.<\/p>\n\n\n\n<p>L\u00e1, em Let\u00edcia, cidade Colombiana, tem um vaso de guerra com seus canh\u00f5es,&nbsp; sem querer, apontados para o Quartel.<\/p>\n\n\n\n<p>O Cel Berg quer colocar os quatro canh\u00f5es, sem querer, apontados para o vaso de guerra.<\/p>\n\n\n\n<p>J\u00e1&nbsp; s\u00e9rio, o Gen virou-se para seu Chefe de Gabinete e determinou: _ Vire-se e d\u00ea agora quatro canh\u00f5es para o Tenente.<\/p>\n\n\n\n<p>A seguir, retirando o famoso of\u00edcio em branco, perguntei se era necess\u00e1rio.<\/p>\n\n\n\n<p>Com os mesmos olhos arregalados, ele me disse que n\u00e3o.<\/p>\n\n\n\n<p>Abra\u00e7ou-me e levou-me at\u00e9 a porta quando eu lhe pedi para me retirar.<\/p>\n\n\n\n<p>Estive em diversos outros setores e consegui muito material para o CMA.<\/p>\n\n\n\n<p>Ao chegar de volta a Manaus, depois de entregar os of\u00edcios em branco, relatei tudo para o Gen Div \u00c1lvaro Cardoso, que com um riso no rosto falou:_ Eu j\u00e1 sabia que ia ser assim.<\/p>\n\n\n\n<p>Gen Bda Eng Mil Veterano Iber\u00ea Mariano da Silva \u2013 Engenheiro Eletr\u00f4nico e Nuclear \u2013 AMAN \u2013 CPEAEX &#8212; \u00a0Turma 1967 \u2013 Material B\u00e9lico<\/p>\n","protected":false},"excerpt":{"rendered":"<p>Vai L\u00e1 para Baixo ?Por Iber\u00ea Mariano da Silva L\u00e1 em Manaus, em 1970, quando se perguntava :_\u201d Vai l\u00e1 para baixo ou Vai descer\u201d, as pessoas queriam perguntar se voc\u00ea ia para o sul do Brasil. Minha esposa, Tania, em 12 de junho perdeu o beb\u00ea que esperava e foi evacuada pela FAB para&hellip;&nbsp;<a href=\"https:\/\/cvmarj.org.br\/site\/index.php\/2022\/06\/15\/lembranca-14\/\" class=\"\" rel=\"bookmark\">Ler mais &raquo;<span class=\"screen-reader-text\">Lembran\u00e7a 14<\/span><\/a><\/p>\n","protected":false},"author":1,"featured_media":3492,"comment_status":"closed","ping_status":"closed","sticky":false,"template":"","format":"standard","meta":{"neve_meta_sidebar":"full-width","neve_meta_container":"","neve_meta_enable_content_width":"","neve_meta_content_width":0,"neve_meta_title_alignment":"center","neve_meta_author_avatar":"","neve_post_elements_order":"[\"title\",\"content\",\"tags\",\"comments\"]","neve_meta_disable_header":"","neve_meta_disable_footer":"","neve_meta_disable_title":"","footnotes":""},"categories":[16],"tags":[],"_links":{"self":[{"href":"https:\/\/cvmarj.org.br\/site\/index.php\/wp-json\/wp\/v2\/posts\/3561"}],"collection":[{"href":"https:\/\/cvmarj.org.br\/site\/index.php\/wp-json\/wp\/v2\/posts"}],"about":[{"href":"https:\/\/cvmarj.org.br\/site\/index.php\/wp-json\/wp\/v2\/types\/post"}],"author":[{"embeddable":true,"href":"https:\/\/cvmarj.org.br\/site\/index.php\/wp-json\/wp\/v2\/users\/1"}],"replies":[{"embeddable":true,"href":"https:\/\/cvmarj.org.br\/site\/index.php\/wp-json\/wp\/v2\/comments?post=3561"}],"version-history":[{"count":2,"href":"https:\/\/cvmarj.org.br\/site\/index.php\/wp-json\/wp\/v2\/posts\/3561\/revisions"}],"predecessor-version":[{"id":3832,"href":"https:\/\/cvmarj.org.br\/site\/index.php\/wp-json\/wp\/v2\/posts\/3561\/revisions\/3832"}],"wp:featuredmedia":[{"embeddable":true,"href":"https:\/\/cvmarj.org.br\/site\/index.php\/wp-json\/wp\/v2\/media\/3492"}],"wp:attachment":[{"href":"https:\/\/cvmarj.org.br\/site\/index.php\/wp-json\/wp\/v2\/media?parent=3561"}],"wp:term":[{"taxonomy":"category","embeddable":true,"href":"https:\/\/cvmarj.org.br\/site\/index.php\/wp-json\/wp\/v2\/categories?post=3561"},{"taxonomy":"post_tag","embeddable":true,"href":"https:\/\/cvmarj.org.br\/site\/index.php\/wp-json\/wp\/v2\/tags?post=3561"}],"curies":[{"name":"wp","href":"https:\/\/api.w.org\/{rel}","templated":true}]}}